{"id":1297,"date":"2013-01-22T18:45:46","date_gmt":"2013-01-22T21:45:46","guid":{"rendered":"https:\/\/devkico.itexto.com.br\/?p=1297"},"modified":"2013-01-22T18:45:46","modified_gmt":"2013-01-22T21:45:46","slug":"evento-papo-de-empreendedor-belo-horizonte","status":"publish","type":"post","link":"https:\/\/devkico.itexto.com.br\/?p=1297","title":{"rendered":"Evento: Papo de Empreendedor &#8211; Belo Horizonte"},"content":{"rendered":"<p>\u00c9 sempre \u00f3timo termos eventos aonde podemos conhecer novas pessoas que compartilhem os mesmos objetivos que voc\u00ea. E sabe o que \u00e9 mais legal? Vai ocorrer algo assim em Belo Horizonte no dia 26 de janeiro (2013). Se chama &#8220;Papo de Empreendedor&#8221;, aonde todos aqueles que planejam iniciar novos neg\u00f3cios ou se interessam pelo assunto podem se encontrar, em um ambiente bastante descontra\u00eddo e trocar id\u00e9ias.<\/p>\n<p>Acho \u00f3timo poder participar e ajudar um evento como este, e gostaria de aproveitar este post para agradecer ao meu amigo <a href=\"https:\/\/twitter.com\/andrefelipecp\">Andr\u00e9 Pereira<\/a> por esta iniciativa! Precisamos de mais gente como ele em Belo Horizonte. Abaixo voc\u00eas podem ver o banner do evento e logo em seguida o link que os direcionar\u00e1 para o formul\u00e1rio de cadastro para que confirmem sua presen\u00e7a. Espero por voc\u00eas l\u00e1!<\/p>\n<p style=\"text-align: center;\"><a href=\"https:\/\/devkico.itexto.com.br\/wp-content\/uploads\/2013\/01\/papo_empreendedor.png\"><img loading=\"lazy\" decoding=\"async\" class=\"size-full wp-image-1298 aligncenter\" title=\"papo_empreendedor\" src=\"https:\/\/devkico.itexto.com.br\/wp-content\/uploads\/2013\/01\/papo_empreendedor.png\" alt=\"\" width=\"505\" height=\"618\" srcset=\"https:\/\/devkico.itexto.com.br\/wp-content\/uploads\/2013\/01\/papo_empreendedor.png 505w, https:\/\/devkico.itexto.com.br\/wp-content\/uploads\/2013\/01\/papo_empreendedor-245x300.png 245w\" sizes=\"(max-width: 505px) 100vw, 505px\" \/><\/a><\/p>\n<p>Para confirmar sua presen\u00e7a, clique <a href=\"http:\/\/produtos.apetiteweb.com.br\/index.php\/noticias\/apetite-web-apoia-eventos-de-empreendedorismo\/\">aqui<\/a>.<\/p>\n","protected":false},"excerpt":{"rendered":"<p>\u00c9 sempre \u00f3timo termos eventos aonde podemos conhecer novas pessoas que compartilhem os mesmos objetivos que voc\u00ea. E sabe o que \u00e9 mais legal? Vai ocorrer algo assim em Belo Horizonte no dia 26 de janeiro (2013). Se chama &#8220;Papo de Empreendedor&#8221;, aonde todos aqueles que planejam iniciar novos neg\u00f3cios ou se interessam pelo assunto [&hellip;]<\/p>\n","protected":false},"author":1,"featured_media":0,"comment_status":"open","ping_status":"open","sticky":false,"template":"","format":"standard","meta":{"_coblocks_attr":"","_coblocks_dimensions":"","_coblocks_responsive_height":"","_coblocks_accordion_ie_support":"","site-sidebar-layout":"default","site-content-layout":"","ast-site-content-layout":"","site-content-style":"default","site-sidebar-style":"default","ast-global-header-display":"","ast-banner-title-visibility":"","ast-main-header-display":"","ast-hfb-above-header-display":"","ast-hfb-below-header-display":"","ast-hfb-mobile-header-display":"","site-post-title":"","ast-breadcrumbs-content":"","ast-featured-img":"","footer-sml-layout":"","theme-transparent-header-meta":"","adv-header-id-meta":"","stick-header-meta":"","header-above-stick-meta":"","header-main-stick-meta":"","header-below-stick-meta":"","astra-migrate-meta-layouts":"default","ast-page-background-enabled":"default","ast-page-background-meta":{"desktop":{"background-color":"var(--ast-global-color-4)","background-image":"","background-repeat":"repeat","background-position":"center center","background-size":"auto","background-attachment":"scroll","background-type":"","background-media":"","overlay-type":"","overlay-color":"","overlay-gradient":""},"tablet":{"background-color":"","background-image":"","background-repeat":"repeat","background-position":"center center","background-size":"auto","background-attachment":"scroll","background-type":"","background-media":"","overlay-type":"","overlay-color":"","overlay-gradient":""},"mobile":{"background-color":"","background-image":"","background-repeat":"repeat","background-position":"center center","background-size":"auto","background-attachment":"scroll","background-type":"","background-media":"","overlay-type":"","overlay-color":"","overlay-gradient":""}},"ast-content-background-meta":{"desktop":{"background-color":"var(--ast-global-color-5)","background-image":"","background-repeat":"repeat","background-position":"center center","background-size":"auto","background-attachment":"scroll","background-type":"","background-media":"","overlay-type":"","overlay-color":"","overlay-gradient":""},"tablet":{"background-color":"var(--ast-global-color-5)","background-image":"","background-repeat":"repeat","background-position":"center center","background-size":"auto","background-attachment":"scroll","background-type":"","background-media":"","overlay-type":"","overlay-color":"","overlay-gradient":""},"mobile":{"background-color":"var(--ast-global-color-5)","background-image":"","background-repeat":"repeat","background-position":"center center","background-size":"auto","background-attachment":"scroll","background-type":"","background-media":"","overlay-type":"","overlay-color":"","overlay-gradient":""}},"jetpack_post_was_ever_published":false,"_jetpack_newsletter_access":"","_jetpack_dont_email_post_to_subs":false,"_jetpack_newsletter_tier_id":0,"_jetpack_memberships_contains_paywalled_content":false,"_jetpack_memberships_contains_paid_content":false,"footnotes":""},"categories":[1],"tags":[],"class_list":["post-1297","post","type-post","status-publish","format-standard","hentry","category-uncategorized"],"yoast_head":"<!-- This site is optimized with the Yoast SEO plugin v22.8 - https:\/\/yoast.com\/wordpress\/plugins\/seo\/ -->\n<title>Evento: Papo de Empreendedor - Belo Horizonte - \/dev\/Kico<\/title>\n<meta name=\"robots\" content=\"index, follow, max-snippet:-1, max-image-preview:large, max-video-preview:-1\" \/>\n<link rel=\"canonical\" href=\"https:\/\/devkico.itexto.com.br\/?p=1297\" \/>\n<meta property=\"og:locale\" content=\"pt_BR\" \/>\n<meta property=\"og:type\" content=\"article\" \/>\n<meta property=\"og:title\" content=\"Evento: Papo de Empreendedor - Belo Horizonte - \/dev\/Kico\" \/>\n<meta property=\"og:description\" content=\"\u00c9 sempre \u00f3timo termos eventos aonde podemos conhecer novas pessoas que compartilhem os mesmos objetivos que voc\u00ea. E sabe o que \u00e9 mais legal? Vai ocorrer algo assim em Belo Horizonte no dia 26 de janeiro (2013). Se chama &#8220;Papo de Empreendedor&#8221;, aonde todos aqueles que planejam iniciar novos neg\u00f3cios ou se interessam pelo assunto [&hellip;]\" \/>\n<meta property=\"og:url\" content=\"https:\/\/devkico.itexto.com.br\/?p=1297\" \/>\n<meta property=\"og:site_name\" content=\"\/dev\/Kico\" \/>\n<meta property=\"article:published_time\" content=\"2013-01-22T21:45:46+00:00\" \/>\n<meta property=\"og:image\" content=\"http:\/\/www.itexto.net\/devkico\/wp-content\/uploads\/2013\/01\/papo_empreendedor.png\" \/>\n<meta name=\"author\" content=\"Kico (Henrique Lobo Weissmann)\" \/>\n<meta name=\"twitter:card\" content=\"summary_large_image\" \/>\n<meta name=\"twitter:creator\" content=\"@loboweissmann\" \/>\n<meta name=\"twitter:label1\" content=\"Escrito por\" \/>\n\t<meta name=\"twitter:data1\" content=\"Kico (Henrique Lobo Weissmann)\" \/>\n\t<meta name=\"twitter:label2\" content=\"Est. tempo de leitura\" \/>\n\t<meta name=\"twitter:data2\" content=\"1 minuto\" \/>\n<script type=\"application\/ld+json\" class=\"yoast-schema-graph\">{\"@context\":\"https:\/\/schema.org\",\"@graph\":[{\"@type\":\"WebPage\",\"@id\":\"https:\/\/devkico.itexto.com.br\/?p=1297\",\"url\":\"https:\/\/devkico.itexto.com.br\/?p=1297\",\"name\":\"Evento: Papo de Empreendedor - Belo Horizonte - \/dev\/Kico\",\"isPartOf\":{\"@id\":\"https:\/\/devkico.itexto.com.br\/#website\"},\"primaryImageOfPage\":{\"@id\":\"https:\/\/devkico.itexto.com.br\/?p=1297#primaryimage\"},\"image\":{\"@id\":\"https:\/\/devkico.itexto.com.br\/?p=1297#primaryimage\"},\"thumbnailUrl\":\"https:\/\/devkico.itexto.com.br\/wp-content\/uploads\/2013\/01\/papo_empreendedor.png\",\"datePublished\":\"2013-01-22T21:45:46+00:00\",\"dateModified\":\"2013-01-22T21:45:46+00:00\",\"author\":{\"@id\":\"https:\/\/devkico.itexto.com.br\/#\/schema\/person\/502ab8892631bb005d6da2269fe5a3a7\"},\"breadcrumb\":{\"@id\":\"https:\/\/devkico.itexto.com.br\/?p=1297#breadcrumb\"},\"inLanguage\":\"pt-BR\",\"potentialAction\":[{\"@type\":\"ReadAction\",\"target\":[\"https:\/\/devkico.itexto.com.br\/?p=1297\"]}]},{\"@type\":\"ImageObject\",\"inLanguage\":\"pt-BR\",\"@id\":\"https:\/\/devkico.itexto.com.br\/?p=1297#primaryimage\",\"url\":\"https:\/\/devkico.itexto.com.br\/wp-content\/uploads\/2013\/01\/papo_empreendedor.png\",\"contentUrl\":\"https:\/\/devkico.itexto.com.br\/wp-content\/uploads\/2013\/01\/papo_empreendedor.png\",\"width\":\"505\",\"height\":\"618\"},{\"@type\":\"BreadcrumbList\",\"@id\":\"https:\/\/devkico.itexto.com.br\/?p=1297#breadcrumb\",\"itemListElement\":[{\"@type\":\"ListItem\",\"position\":1,\"name\":\"Home\",\"item\":\"https:\/\/devkico.itexto.com.br\/\"},{\"@type\":\"ListItem\",\"position\":2,\"name\":\"Evento: Papo de Empreendedor &#8211; Belo Horizonte\"}]},{\"@type\":\"WebSite\",\"@id\":\"https:\/\/devkico.itexto.com.br\/#website\",\"url\":\"https:\/\/devkico.itexto.com.br\/\",\"name\":\"\/dev\/Kico\",\"description\":\"Desenvolvendo software\",\"potentialAction\":[{\"@type\":\"SearchAction\",\"target\":{\"@type\":\"EntryPoint\",\"urlTemplate\":\"https:\/\/devkico.itexto.com.br\/?s={search_term_string}\"},\"query-input\":\"required name=search_term_string\"}],\"inLanguage\":\"pt-BR\"},{\"@type\":\"Person\",\"@id\":\"https:\/\/devkico.itexto.com.br\/#\/schema\/person\/502ab8892631bb005d6da2269fe5a3a7\",\"name\":\"Kico (Henrique Lobo Weissmann)\",\"image\":{\"@type\":\"ImageObject\",\"inLanguage\":\"pt-BR\",\"@id\":\"https:\/\/devkico.itexto.com.br\/#\/schema\/person\/image\/\",\"url\":\"https:\/\/secure.gravatar.com\/avatar\/dd6973d86a689bc63122b2e603f25be3?s=96&d=mm&r=g\",\"contentUrl\":\"https:\/\/secure.gravatar.com\/avatar\/dd6973d86a689bc63122b2e603f25be3?s=96&d=mm&r=g\",\"caption\":\"Kico (Henrique Lobo Weissmann)\"},\"sameAs\":[\"https:\/\/x.com\/loboweissmann\"],\"url\":\"https:\/\/devkico.itexto.com.br\/?author=1\"}]}<\/script>\n<!-- \/ Yoast SEO plugin. -->","yoast_head_json":{"title":"Evento: Papo de Empreendedor - Belo Horizonte - \/dev\/Kico","robots":{"index":"index","follow":"follow","max-snippet":"max-snippet:-1","max-image-preview":"max-image-preview:large","max-video-preview":"max-video-preview:-1"},"canonical":"https:\/\/devkico.itexto.com.br\/?p=1297","og_locale":"pt_BR","og_type":"article","og_title":"Evento: Papo de Empreendedor - Belo Horizonte - \/dev\/Kico","og_description":"\u00c9 sempre \u00f3timo termos eventos aonde podemos conhecer novas pessoas que compartilhem os mesmos objetivos que voc\u00ea. E sabe o que \u00e9 mais legal? Vai ocorrer algo assim em Belo Horizonte no dia 26 de janeiro (2013). Se chama &#8220;Papo de Empreendedor&#8221;, aonde todos aqueles que planejam iniciar novos neg\u00f3cios ou se interessam pelo assunto [&hellip;]","og_url":"https:\/\/devkico.itexto.com.br\/?p=1297","og_site_name":"\/dev\/Kico","article_published_time":"2013-01-22T21:45:46+00:00","og_image":[{"url":"http:\/\/www.itexto.net\/devkico\/wp-content\/uploads\/2013\/01\/papo_empreendedor.png"}],"author":"Kico (Henrique Lobo Weissmann)","twitter_card":"summary_large_image","twitter_creator":"@loboweissmann","twitter_misc":{"Escrito por":"Kico (Henrique Lobo Weissmann)","Est. tempo de leitura":"1 minuto"},"schema":{"@context":"https:\/\/schema.org","@graph":[{"@type":"WebPage","@id":"https:\/\/devkico.itexto.com.br\/?p=1297","url":"https:\/\/devkico.itexto.com.br\/?p=1297","name":"Evento: Papo de Empreendedor - Belo Horizonte - \/dev\/Kico","isPartOf":{"@id":"https:\/\/devkico.itexto.com.br\/#website"},"primaryImageOfPage":{"@id":"https:\/\/devkico.itexto.com.br\/?p=1297#primaryimage"},"image":{"@id":"https:\/\/devkico.itexto.com.br\/?p=1297#primaryimage"},"thumbnailUrl":"https:\/\/devkico.itexto.com.br\/wp-content\/uploads\/2013\/01\/papo_empreendedor.png","datePublished":"2013-01-22T21:45:46+00:00","dateModified":"2013-01-22T21:45:46+00:00","author":{"@id":"https:\/\/devkico.itexto.com.br\/#\/schema\/person\/502ab8892631bb005d6da2269fe5a3a7"},"breadcrumb":{"@id":"https:\/\/devkico.itexto.com.br\/?p=1297#breadcrumb"},"inLanguage":"pt-BR","potentialAction":[{"@type":"ReadAction","target":["https:\/\/devkico.itexto.com.br\/?p=1297"]}]},{"@type":"ImageObject","inLanguage":"pt-BR","@id":"https:\/\/devkico.itexto.com.br\/?p=1297#primaryimage","url":"https:\/\/devkico.itexto.com.br\/wp-content\/uploads\/2013\/01\/papo_empreendedor.png","contentUrl":"https:\/\/devkico.itexto.com.br\/wp-content\/uploads\/2013\/01\/papo_empreendedor.png","width":"505","height":"618"},{"@type":"BreadcrumbList","@id":"https:\/\/devkico.itexto.com.br\/?p=1297#breadcrumb","itemListElement":[{"@type":"ListItem","position":1,"name":"Home","item":"https:\/\/devkico.itexto.com.br\/"},{"@type":"ListItem","position":2,"name":"Evento: Papo de Empreendedor &#8211; Belo Horizonte"}]},{"@type":"WebSite","@id":"https:\/\/devkico.itexto.com.br\/#website","url":"https:\/\/devkico.itexto.com.br\/","name":"\/dev\/Kico","description":"Desenvolvendo software","potentialAction":[{"@type":"SearchAction","target":{"@type":"EntryPoint","urlTemplate":"https:\/\/devkico.itexto.com.br\/?s={search_term_string}"},"query-input":"required name=search_term_string"}],"inLanguage":"pt-BR"},{"@type":"Person","@id":"https:\/\/devkico.itexto.com.br\/#\/schema\/person\/502ab8892631bb005d6da2269fe5a3a7","name":"Kico (Henrique Lobo Weissmann)","image":{"@type":"ImageObject","inLanguage":"pt-BR","@id":"https:\/\/devkico.itexto.com.br\/#\/schema\/person\/image\/","url":"https:\/\/secure.gravatar.com\/avatar\/dd6973d86a689bc63122b2e603f25be3?s=96&d=mm&r=g","contentUrl":"https:\/\/secure.gravatar.com\/avatar\/dd6973d86a689bc63122b2e603f25be3?s=96&d=mm&r=g","caption":"Kico (Henrique Lobo Weissmann)"},"sameAs":["https:\/\/x.com\/loboweissmann"],"url":"https:\/\/devkico.itexto.com.br\/?author=1"}]}},"jetpack_featured_media_url":"","jetpack-related-posts":[],"jetpack_sharing_enabled":true,"jetpack_likes_enabled":true,"_links":{"self":[{"href":"https:\/\/devkico.itexto.com.br\/index.php?rest_route=\/wp\/v2\/posts\/1297"}],"collection":[{"href":"https:\/\/devkico.itexto.com.br\/index.php?rest_route=\/wp\/v2\/posts"}],"about":[{"href":"https:\/\/devkico.itexto.com.br\/index.php?rest_route=\/wp\/v2\/types\/post"}],"author":[{"embeddable":true,"href":"https:\/\/devkico.itexto.com.br\/index.php?rest_route=\/wp\/v2\/users\/1"}],"replies":[{"embeddable":true,"href":"https:\/\/devkico.itexto.com.br\/index.php?rest_route=%2Fwp%2Fv2%2Fcomments&post=1297"}],"version-history":[{"count":2,"href":"https:\/\/devkico.itexto.com.br\/index.php?rest_route=\/wp\/v2\/posts\/1297\/revisions"}],"predecessor-version":[{"id":1300,"href":"https:\/\/devkico.itexto.com.br\/index.php?rest_route=\/wp\/v2\/posts\/1297\/revisions\/1300"}],"wp:attachment":[{"href":"https:\/\/devkico.itexto.com.br\/index.php?rest_route=%2Fwp%2Fv2%2Fmedia&parent=1297"}],"wp:term":[{"taxonomy":"category","embeddable":true,"href":"https:\/\/devkico.itexto.com.br\/index.php?rest_route=%2Fwp%2Fv2%2Fcategories&post=1297"},{"taxonomy":"post_tag","embeddable":true,"href":"https:\/\/devkico.itexto.com.br\/index.php?rest_route=%2Fwp%2Fv2%2Ftags&post=1297"}],"curies":[{"name":"wp","href":"https:\/\/api.w.org\/{rel}","templated":true}]}}