{"id":2520,"date":"2016-08-29T23:53:34","date_gmt":"2016-08-30T02:53:34","guid":{"rendered":"https:\/\/devkico.itexto.com.br\/?p=2520"},"modified":"2016-08-29T23:53:34","modified_gmt":"2016-08-30T02:53:34","slug":"eu-e-o-empreendedorismo-do-palco","status":"publish","type":"post","link":"https:\/\/devkico.itexto.com.br\/?p=2520","title":{"rendered":"Eu e o empreendedorismo do palco"},"content":{"rendered":"<p><em>Em janeiro de 2015 Nanna e eu oficializamos a itexto: foi um dos momentos mais legais da minha vida pois um sonho (O sonho) muito antigo finalmente estava se concretizando. Setembro de 2016 est\u00e1 chegando e de l\u00e1 pra c\u00e1 j\u00e1 atendemos quase 30 clientes, formamos uma quantidade enorme de pessoas nas tecnologias que dominamos e as coisas caminham bem.<\/em><\/p>\n<p><em>Caminham bem agora, <a href=\"https:\/\/web.archive.org\/web\/19991128002642\/http:\/\/www.geocities.com\/Athens\/Cyprus\/9678\/itexto.html\">ap\u00f3s 16 anos<\/a> de incont\u00e1veis tentativas, a esmagadora maioria fracassada<a href=\"https:\/\/devkico.itexto.com.br\/?p=309\"> devido \u00e0 minha arrog\u00e2ncia e ignor\u00e2ncia<\/a>. No meio do caminho decidi reduzir minha ignor\u00e2ncia partindo para o mercado e buscando trabalhar com aqueles que fossem mais experientes que eu. Venci a arrog\u00e2ncia ao reconhecer que pra comandar meu destino primeiro tenho de ter sido comandado.<\/em><\/p>\n<p><em>Este investimento se pagou: observando os erros alheios (sempre os mesmos) pude chegar a algumas teorias que, finalmente, ao colocar em pr\u00e1tica se confirmaram e o neg\u00f3cio come\u00e7ou a caminhar, o que se confirma no crescimento (muito) controlado da empresa em um per\u00edodo de crise econ\u00f4mica profunda do pa\u00eds.<\/em><\/p>\n<p><strong>E a\u00ed voc\u00ea achou que este seria mais um texto motivacional daqueles que geram uma vergonha alheia profunda n\u00e9?<\/strong><\/p>\n<h2>Esta &#8220;vibe empreendedora&#8221; me incomoda<\/h2>\n<p>(odeio a palavra &#8220;vibe&#8221;, mas foi a melhor que encontrei no momento, desculpe)<\/p>\n<p>Vejo muito papo furado em apresenta\u00e7\u00f5es sobre empreendedorismo, startups e cia. Como algu\u00e9m que tem uma empresa de verdade, pagando sal\u00e1rios e impostos reais, resolvi listar aqui parte das lorotas que dizem.<\/p>\n<h3>A aus\u00eancia de uma palavrinha chave que come\u00e7a com &#8220;R&#8221;<\/h3>\n<p><img loading=\"lazy\" decoding=\"async\" class=\"aligncenter size-medium wp-image-2522\" src=\"https:\/\/devkico.itexto.com.br\/wp-content\/uploads\/2016\/08\/simpsons-radioactive-300x202.jpg\" alt=\"simpsons-radioactive\" width=\"300\" height=\"202\" srcset=\"https:\/\/devkico.itexto.com.br\/wp-content\/uploads\/2016\/08\/simpsons-radioactive-300x202.jpg 300w, https:\/\/devkico.itexto.com.br\/wp-content\/uploads\/2016\/08\/simpsons-radioactive.jpg 383w\" sizes=\"(max-width: 300px) 100vw, 300px\" \/><\/p>\n<p>Sabe: quando assisto a algum picareta no palco falando sobre sua &#8220;trajet\u00f3ria de sucesso&#8221; ou mesmo aqueles caras que claramente nunca abriram seu pr\u00f3prio neg\u00f3cio te dizendo como proceder raramente vejo uma palavra ser dita: <strong>responsabilidade<\/strong>.<\/p>\n<p>Ok, voc\u00ea quer abrir seu neg\u00f3cio. Voc\u00ea sonha se tornar algu\u00e9m que criou algo importante, <strong>mas j\u00e1 parou pra pensar na imensa responsabilidade que \u00e9 ter seu pr\u00f3prio neg\u00f3cio?<\/strong><\/p>\n<p>J\u00e1 parou pra pensar na <strong>honra<\/strong> que \u00e9 algu\u00e9m querer trabalhar contigo? <strong>Honra esta que n\u00e3o pode se tornar uma decep\u00e7\u00e3o.<\/strong> No compromisso que \u00e9 mensalmente pagar todos os impostos envolvidos no pagamento de sal\u00e1rio desta(s) pessoa(s)? J\u00e1 se atinou pro fato que voc\u00ea pode <strong>fuder<\/strong> a vida de quem trabalha com voc\u00ea?<\/p>\n<p>Se s\u00f3 tem s\u00f3cios na sua empresa, ser\u00e1 que sua empresa ter\u00e1 estrutura para ter pessoas recebendo no regime <strong>legal<\/strong>, que \u00e9 o <strong>CLT?<\/strong>\u00a0 Desculpe: voc\u00ea s\u00f3 sabe o que \u00e9 ter uma empresa quando assinar a primeira carteira de trabalho de algu\u00e9m.<\/p>\n<p>E a <strong>responsabilidade<\/strong> que \u00e9 algu\u00e9m te escolher como fornecedor? Te escolheram, confiaram em ti e no seu servi\u00e7o\/produto: agora vai ter de corresponder.<\/p>\n<p>Agora vamos para um n\u00edvel acima: j\u00e1 parou pra pensar que ao abrir uma empresa voc\u00ea est\u00e1 influenciando a sua economia local? Que se seu neg\u00f3cio for pura lorota, voc\u00ea pode desacreditar todo um ramo?<\/p>\n<h3>Quase sempre a mesma historinha!<\/h3>\n<p><img loading=\"lazy\" decoding=\"async\" class=\"aligncenter size-medium wp-image-2521\" src=\"https:\/\/devkico.itexto.com.br\/wp-content\/uploads\/2016\/08\/conto_de_fadas-217x300.jpg\" alt=\"conto_de_fadas\" width=\"217\" height=\"300\" srcset=\"https:\/\/devkico.itexto.com.br\/wp-content\/uploads\/2016\/08\/conto_de_fadas-217x300.jpg 217w, https:\/\/devkico.itexto.com.br\/wp-content\/uploads\/2016\/08\/conto_de_fadas.jpg 362w\" sizes=\"(max-width: 217px) 100vw, 217px\" \/><\/p>\n<p>Releia os tr\u00eas primeiros par\u00e1grafos deste post. \u00c9 inacredit\u00e1vel como sempre escuto nas apresenta\u00e7\u00f5es a <strong>mesma<\/strong> hist\u00f3ria composta por tr\u00eas atos.<\/p>\n<ol>\n<li>O empreendedor tem uma ideia que considera genial, mas ele \u00e9 arrogante devido \u00e0 sua pr\u00f3pria ignor\u00e2ncia. Ele segue em frente.<\/li>\n<li>Aparece um obst\u00e1culo e nosso her\u00f3i sofre um forte baque. \u00c9 o momento em que sua ideia \u00e9 posta em cheque. Ser\u00e1 que ele consegue vencer o obst\u00e1culo?<\/li>\n<li>Ele aprendeu com os erros, adaptou-se, adquiriu humildade: agora est\u00e1 mais s\u00e1bio e tudo deu certo.<\/li>\n<\/ol>\n<p>H\u00e1 uma outra varia\u00e7\u00e3o cruel desta mesma hist\u00f3ria. Segue abaixo:<\/p>\n<ol>\n<li>O empreendedor tem uma ideia que todos consideram idiota, mas ele tem <strong>f\u00e9<\/strong> e segue em frente.<\/li>\n<li>Ningu\u00e9m acredita em nosso her\u00f3i, mas ele continua. \u00c9 o per\u00edodo tenso, no qual sua f\u00e9 \u00e9 testada.<\/li>\n<li>De repente sua ideia come\u00e7a a funcionar! Todos percebem que estavam errados e n\u00e3o o her\u00f3i, mas <strong>o mundo<\/strong> percebe que era arrogante e se redime.<\/li>\n<\/ol>\n<p>Percebeu que h\u00e1 uma forma compartilhada?<\/p>\n<ol>\n<li>Nascimento da ideia &#8211; her\u00f3i empolgado<\/li>\n<li>Momento da dificuldade &#8211; her\u00f3i se questiona<\/li>\n<li>Dificuldade superada, sucesso atingido &#8211; her\u00f3i confirma sua ideia (mesmo que a adapte)<\/li>\n<\/ol>\n<p>Voc\u00ea realmente acredita que o mundo <strong>\u00e9 t\u00e3o simples assim???<\/strong> N\u00e3o s\u00e3o expostos muitos detalhes a respeito dos passos reais envolvidos no problema. \u00c9 como Vitor Hugo, que dizia ter escrito <em>Les Miserables<\/em> de uma \u00fanica vez. Anos ap\u00f3s sua morte encontraram um ba\u00fa com in\u00fameros manuscritos.<\/p>\n<p>Resumindo: sempre o mesmo conto de fadas, a realidade \u00e9 mais interessante (e \u00e1rdua) que isto.<\/p>\n<p>(ali\u00e1s, este \u00e9 o arqu\u00e9tipo mais b\u00e1sico do her\u00f3i presente na literatura ocidental)<\/p>\n<h3>A ideia de que basta ter uma ideia e um&#8230; app<\/h3>\n<p>Claro, sou um desenvolvedor, quero trabalhar e tal, ent\u00e3o n\u00e3o deveria dizer isto, mas \u00e9 tanta gente iludida com a ideia de que para ser um empreendedor de sucesso voc\u00ea s\u00f3 precisa de um aplicativo e uma ideia&#8230;<\/p>\n<p>E os caras falam isto no palco!!!<\/p>\n<p>&#8220;Kico, se tivermos um app como o Krankster ficaremos ricos!&#8221; &#8211; Yeah! Nem precisamos pensar nas pessoas que cuidar\u00e3o dos fornecedores, contato com clientes, manuten\u00e7\u00e3o, suporte, o computador resolve tudo pra n\u00f3s!!! O Processo \u00e9 o sistema!<\/p>\n<p>&#8220;Nada pode dar errado!&#8221; (copyright)<\/p>\n<h3>A venda de uma vida sem sentido<\/h3>\n<p>O indiv\u00edduo \u00e9 seduzido pela ideia de ter um neg\u00f3cio pr\u00f3prio, investe horrores na constru\u00e7\u00e3o da infraestrutura necess\u00e1ria e come\u00e7a a ver a coisa tomando forma.<\/p>\n<p>Ent\u00e3o chega uma pessoa e lhe pergunta: <em>uma vez aberta sua empresa, como ser\u00e1 seu dia a dia?<\/em><\/p>\n<p>&nbsp;<\/p>\n<p>&nbsp;<\/p>\n<p>&nbsp;<\/p>\n<p>&nbsp;<\/p>\n<p>Um sil\u00eancio profundo dominar\u00e1 a conversa.<\/p>\n<p>&nbsp;<\/p>\n<p>&nbsp;<\/p>\n<p>&nbsp;<\/p>\n<p><img loading=\"lazy\" decoding=\"async\" class=\"aligncenter size-full wp-image-2523\" src=\"https:\/\/devkico.itexto.com.br\/wp-content\/uploads\/2016\/08\/cricricri.jpg\" alt=\"cricricri\" width=\"120\" height=\"90\" \/><\/p>\n<p>S\u00e9rio, j\u00e1 parou pra pensar nisto? Uma das raz\u00f5es pelas quais oficializamos a itexto foi nosso desejo de desempenhar um conjunto de atividades di\u00e1rias no trabalho. Se voc\u00ea n\u00e3o sabe como ser\u00e1 o seu <strong>operacional b\u00e1sico<\/strong>, <strong>pra qu\u00ea abrir uma empresa?<\/strong><\/p>\n<p>J\u00e1 parou pra pensar que uma vez aberto o neg\u00f3cio, voc\u00ea passar\u00e1 um <strong>bom tempo nele fazendo alguma coisa?<\/strong> Ser\u00e1 que descobrir o que \u00e9 esta &#8220;alguma coisa&#8221; depois \u00e9 uma atitude inteligente?<\/p>\n<div class=\"ast-oembed-container \" style=\"height: 100%;\"><iframe loading=\"lazy\" title=\"Homero inform\u00e1tico &quot;Compumundohipermegared&quot;\" width=\"500\" height=\"281\" src=\"https:\/\/www.youtube.com\/embed\/uhD4fFETQhY?feature=oembed\" frameborder=\"0\" allow=\"accelerometer; autoplay; clipboard-write; encrypted-media; gyroscope; picture-in-picture; web-share\" referrerpolicy=\"strict-origin-when-cross-origin\" allowfullscreen><\/iframe><\/div>\n<h3>A venda de uma realidade <span style=\"color: #0000ff;\">gr<\/span><span style=\"color: #ff0000;\">in<\/span>ga<\/h3>\n<p>Arde: te mostram um modelo de neg\u00f3cio maravilhoso, aquela estrat\u00e9gia genial que funciona extremamente bem&#8230; na Europa e Estados Unidos.<\/p>\n<p>S\u00e3o casos envolvendo ideias pouco convencionais no primeiro momento como Twitter (<em>quem poderia imaginar: 144 caracteres!<\/em>), Facebook, Apple (<em>quem imaginaria um computador em casa?<\/em>), Microsoft (<em>os caras largaram a faculdade!<\/em>) e por a\u00ed vai.<\/p>\n<p>Mas n\u00e3o mencionam que l\u00e1 existe uma cultura empreendedora centen\u00e1ria, uma economia brutalmente competente, um governo que n\u00e3o te sufoca com impostos, etc. N\u00e3o mencionam que \u00e9 um ambiente no qual voc\u00ea tem <strong>f\u00f4lego para falhar<\/strong>.<\/p>\n<p>S\u00e9rio: criar rede social no Brasil? Nossos problemas\u00a0 s\u00e3o outros! Cansei de ver <em>consultores<\/em> ou <em>investidores<\/em> apresentando modelos gringos aqui.<\/p>\n<p>E sinceramente, desconfio que o modelo de startup no Brasil \u00e9 fadado ao fracasso por ser <strong>vendido<\/strong>, em sua maioria, baseado em ideias estrangeiras muito mal adaptadas \u00e0 nossa realidade (basta pensar um pouquinho no pr\u00f3prio termo &#8220;startup&#8221;).<\/p>\n<h3>Gente que te ensina a abrir uma empresa e cuja pr\u00f3pria empresa \u00e9&#8230; ensinar pessoas a abrir a pr\u00f3pria empresa.<\/h3>\n<p>Meus coment\u00e1rios s\u00e3o desnecess\u00e1rios aqui.<\/p>\n<p>(ali\u00e1s, <a href=\"https:\/\/devkico.itexto.com.br\/?p=1403\">j\u00e1 escrevi a respeito<\/a>)<\/p>\n<h3>As f\u00f3rmulas prontas<\/h3>\n<p>&#8220;X passos para o sucesso&#8221;, &#8220;N oportunidades para ficar milion\u00e1rio em 2017&#8221;, &#8220;as Z coisas que pessoas de sucesso fazem todo dia&#8221;<\/p>\n<p>S\u00e9rio que as pessoas acreditam que a realidade \u00e9 <strong>t\u00e3o simples assim?<\/strong><\/p>\n<p>Levando em considera\u00e7\u00e3o a quantidade de leitores destes livros de &#8220;auto-ajuda para empreendedores&#8221;, era para estar pipocando milion\u00e1rios. Cad\u00ea eles?<\/p>\n<h3>Uma infantiliza\u00e7\u00e3o extrema<\/h3>\n<p>Por favor, fa\u00e7a o seguinte exerc\u00edcio: acesse o YouTube e busque por v\u00eddeos apresentando startups. \u00c9 grande a possibilidade de voc\u00ea ver o seguinte:<\/p>\n<ul>\n<li>Uma anima\u00e7\u00e3o cartunesca<\/li>\n<li>No fundo musical vai ter um banjo (99,99% de chance! Se n\u00e3o tiver banjo, tem pandeiro!)<\/li>\n<li>Todas as pessoas sorriem por que todo mundo \u00e9 divertido e o mundo colorido!<\/li>\n<\/ul>\n<p>Talvez soe ranzinza mas&#8230; quem quer investir em uma empresa dirigida por pessoas assim? Oh: desculpe, talvez eu esteja com inveja por n\u00e3o fazer parte do grupo das pessoas legais&#8230; (percebo que n\u00e3o fa\u00e7o, sinto al\u00edvio!)<\/p>\n<p>Esta infantiliza\u00e7\u00e3o se manifesta de forma clara quando observamos o uso repetido ao extremo da imagem do jovem prod\u00edgio.<\/p>\n<p>Na realidade a infantiliza\u00e7\u00e3o nada mais \u00e9 que a explora\u00e7\u00e3o da car\u00eancia presente em cada um de n\u00f3s (e sobre isto ainda escrevo um texto).<\/p>\n<h2>Ent\u00e3o empreender \u00e9 ruim?<\/h2>\n<p>Claro que n\u00e3o: o que quero mostrar neste texto \u00e9 que abrir uma empresa n\u00e3o \u00e9 algo simples ou f\u00e1cil como este povinho picareta diz nos palcos. Empreender \u00e9 algo s\u00e9rio e deveria ser um ato virtuoso, mas infelizmente aos poucos est\u00e3o criando uma aura negativa em torno do verbo.<\/p>\n<p>Quer abrir uma empresa, vai fundo, mas saiba aonde est\u00e1 entrando e nas consequ\u00eancias dos seus atos. Quer ver palestra de gente que diz te ensinar como agir? Vai l\u00e1 e assista, mas pelo menos questione! <a href=\"https:\/\/devkico.itexto.com.br\/?p=2279\">Saiba assistir a uma apresenta\u00e7\u00e3o<\/a>.<\/p>\n<p>Desculpem a franqueza, mas quem tem uma empresa real, como eu, ao assistir este conte\u00fado furado tem seu est\u00f4mago revirado. Algu\u00e9m tem de falar, t\u00e1 chato ver a quantidade de pessoas afundando por que se iludem com estas lorotas.<\/p>\n","protected":false},"excerpt":{"rendered":"<p>Minhas impress\u00f5es a respeito de uma s\u00e9rie de lorotas que s\u00e3o ditas em palestras voltadas a &#8220;empreendedores&#8221; tendo em vista a realidade de quem tem uma empresa de verdade.<\/p>\n","protected":false},"author":1,"featured_media":0,"comment_status":"open","ping_status":"open","sticky":false,"template":"","format":"standard","meta":{"_coblocks_attr":"","_coblocks_dimensions":"","_coblocks_responsive_height":"","_coblocks_accordion_ie_support":"","site-sidebar-layout":"default","site-content-layout":"","ast-site-content-layout":"","site-content-style":"default","site-sidebar-style":"default","ast-global-header-display":"","ast-banner-title-visibility":"","ast-main-header-display":"","ast-hfb-above-header-display":"","ast-hfb-below-header-display":"","ast-hfb-mobile-header-display":"","site-post-title":"","ast-breadcrumbs-content":"","ast-featured-img":"","footer-sml-layout":"","theme-transparent-header-meta":"","adv-header-id-meta":"","stick-header-meta":"","header-above-stick-meta":"","header-main-stick-meta":"","header-below-stick-meta":"","astra-migrate-meta-layouts":"default","ast-page-background-enabled":"default","ast-page-background-meta":{"desktop":{"background-color":"var(--ast-global-color-4)","background-image":"","background-repeat":"repeat","background-position":"center center","background-size":"auto","background-attachment":"scroll","background-type":"","background-media":"","overlay-type":"","overlay-color":"","overlay-gradient":""},"tablet":{"background-color":"","background-image":"","background-repeat":"repeat","background-position":"center center","background-size":"auto","background-attachment":"scroll","background-type":"","background-media":"","overlay-type":"","overlay-color":"","overlay-gradient":""},"mobile":{"background-color":"","background-image":"","background-repeat":"repeat","background-position":"center center","background-size":"auto","background-attachment":"scroll","background-type":"","background-media":"","overlay-type":"","overlay-color":"","overlay-gradient":""}},"ast-content-background-meta":{"desktop":{"background-color":"var(--ast-global-color-5)","background-image":"","background-repeat":"repeat","background-position":"center center","background-size":"auto","background-attachment":"scroll","background-type":"","background-media":"","overlay-type":"","overlay-color":"","overlay-gradient":""},"tablet":{"background-color":"var(--ast-global-color-5)","background-image":"","background-repeat":"repeat","background-position":"center center","background-size":"auto","background-attachment":"scroll","background-type":"","background-media":"","overlay-type":"","overlay-color":"","overlay-gradient":""},"mobile":{"background-color":"var(--ast-global-color-5)","background-image":"","background-repeat":"repeat","background-position":"center center","background-size":"auto","background-attachment":"scroll","background-type":"","background-media":"","overlay-type":"","overlay-color":"","overlay-gradient":""}},"jetpack_post_was_ever_published":false,"_jetpack_newsletter_access":"","_jetpack_dont_email_post_to_subs":false,"_jetpack_newsletter_tier_id":0,"_jetpack_memberships_contains_paywalled_content":false,"_jetpack_memberships_contains_paid_content":false,"footnotes":""},"categories":[35],"tags":[],"class_list":["post-2520","post","type-post","status-publish","format-standard","hentry","category-armadilhas"],"yoast_head":"<!-- This site is optimized with the Yoast SEO plugin v22.8 - https:\/\/yoast.com\/wordpress\/plugins\/seo\/ -->\n<title>Eu e o empreendedorismo do palco - \/dev\/Kico<\/title>\n<meta name=\"robots\" content=\"index, follow, max-snippet:-1, max-image-preview:large, max-video-preview:-1\" \/>\n<link rel=\"canonical\" href=\"https:\/\/devkico.itexto.com.br\/?p=2520\" \/>\n<meta property=\"og:locale\" content=\"pt_BR\" \/>\n<meta property=\"og:type\" content=\"article\" \/>\n<meta property=\"og:title\" content=\"Eu e o empreendedorismo do palco - \/dev\/Kico\" \/>\n<meta property=\"og:description\" content=\"Minhas impress\u00f5es a respeito de uma s\u00e9rie de lorotas que s\u00e3o ditas em palestras voltadas a &quot;empreendedores&quot; tendo em vista a realidade de quem tem uma empresa de verdade.\" \/>\n<meta property=\"og:url\" content=\"https:\/\/devkico.itexto.com.br\/?p=2520\" \/>\n<meta property=\"og:site_name\" content=\"\/dev\/Kico\" \/>\n<meta property=\"article:published_time\" content=\"2016-08-30T02:53:34+00:00\" \/>\n<meta property=\"og:image\" content=\"http:\/\/www.itexto.net\/devkico\/wp-content\/uploads\/2016\/08\/simpsons-radioactive-300x202.jpg\" \/>\n<meta name=\"author\" content=\"Kico (Henrique Lobo Weissmann)\" \/>\n<meta name=\"twitter:card\" content=\"summary_large_image\" \/>\n<meta name=\"twitter:creator\" content=\"@loboweissmann\" \/>\n<meta name=\"twitter:label1\" content=\"Escrito por\" \/>\n\t<meta name=\"twitter:data1\" content=\"Kico (Henrique Lobo Weissmann)\" \/>\n\t<meta name=\"twitter:label2\" content=\"Est. tempo de leitura\" \/>\n\t<meta name=\"twitter:data2\" content=\"8 minutos\" \/>\n<script type=\"application\/ld+json\" class=\"yoast-schema-graph\">{\"@context\":\"https:\/\/schema.org\",\"@graph\":[{\"@type\":\"WebPage\",\"@id\":\"https:\/\/devkico.itexto.com.br\/?p=2520\",\"url\":\"https:\/\/devkico.itexto.com.br\/?p=2520\",\"name\":\"Eu e o empreendedorismo do palco - \/dev\/Kico\",\"isPartOf\":{\"@id\":\"https:\/\/devkico.itexto.com.br\/#website\"},\"primaryImageOfPage\":{\"@id\":\"https:\/\/devkico.itexto.com.br\/?p=2520#primaryimage\"},\"image\":{\"@id\":\"https:\/\/devkico.itexto.com.br\/?p=2520#primaryimage\"},\"thumbnailUrl\":\"https:\/\/devkico.itexto.com.br\/wp-content\/uploads\/2016\/08\/simpsons-radioactive-300x202.jpg\",\"datePublished\":\"2016-08-30T02:53:34+00:00\",\"dateModified\":\"2016-08-30T02:53:34+00:00\",\"author\":{\"@id\":\"https:\/\/devkico.itexto.com.br\/#\/schema\/person\/502ab8892631bb005d6da2269fe5a3a7\"},\"breadcrumb\":{\"@id\":\"https:\/\/devkico.itexto.com.br\/?p=2520#breadcrumb\"},\"inLanguage\":\"pt-BR\",\"potentialAction\":[{\"@type\":\"ReadAction\",\"target\":[\"https:\/\/devkico.itexto.com.br\/?p=2520\"]}]},{\"@type\":\"ImageObject\",\"inLanguage\":\"pt-BR\",\"@id\":\"https:\/\/devkico.itexto.com.br\/?p=2520#primaryimage\",\"url\":\"https:\/\/devkico.itexto.com.br\/wp-content\/uploads\/2016\/08\/simpsons-radioactive.jpg\",\"contentUrl\":\"https:\/\/devkico.itexto.com.br\/wp-content\/uploads\/2016\/08\/simpsons-radioactive.jpg\",\"width\":383,\"height\":258},{\"@type\":\"BreadcrumbList\",\"@id\":\"https:\/\/devkico.itexto.com.br\/?p=2520#breadcrumb\",\"itemListElement\":[{\"@type\":\"ListItem\",\"position\":1,\"name\":\"Home\",\"item\":\"https:\/\/devkico.itexto.com.br\/\"},{\"@type\":\"ListItem\",\"position\":2,\"name\":\"Eu e o empreendedorismo do palco\"}]},{\"@type\":\"WebSite\",\"@id\":\"https:\/\/devkico.itexto.com.br\/#website\",\"url\":\"https:\/\/devkico.itexto.com.br\/\",\"name\":\"\/dev\/Kico\",\"description\":\"Desenvolvendo software\",\"potentialAction\":[{\"@type\":\"SearchAction\",\"target\":{\"@type\":\"EntryPoint\",\"urlTemplate\":\"https:\/\/devkico.itexto.com.br\/?s={search_term_string}\"},\"query-input\":\"required name=search_term_string\"}],\"inLanguage\":\"pt-BR\"},{\"@type\":\"Person\",\"@id\":\"https:\/\/devkico.itexto.com.br\/#\/schema\/person\/502ab8892631bb005d6da2269fe5a3a7\",\"name\":\"Kico (Henrique Lobo Weissmann)\",\"image\":{\"@type\":\"ImageObject\",\"inLanguage\":\"pt-BR\",\"@id\":\"https:\/\/devkico.itexto.com.br\/#\/schema\/person\/image\/\",\"url\":\"https:\/\/secure.gravatar.com\/avatar\/dd6973d86a689bc63122b2e603f25be3?s=96&d=mm&r=g\",\"contentUrl\":\"https:\/\/secure.gravatar.com\/avatar\/dd6973d86a689bc63122b2e603f25be3?s=96&d=mm&r=g\",\"caption\":\"Kico (Henrique Lobo Weissmann)\"},\"sameAs\":[\"https:\/\/x.com\/loboweissmann\"],\"url\":\"https:\/\/devkico.itexto.com.br\/?author=1\"}]}<\/script>\n<!-- \/ Yoast SEO plugin. -->","yoast_head_json":{"title":"Eu e o empreendedorismo do palco - \/dev\/Kico","robots":{"index":"index","follow":"follow","max-snippet":"max-snippet:-1","max-image-preview":"max-image-preview:large","max-video-preview":"max-video-preview:-1"},"canonical":"https:\/\/devkico.itexto.com.br\/?p=2520","og_locale":"pt_BR","og_type":"article","og_title":"Eu e o empreendedorismo do palco - \/dev\/Kico","og_description":"Minhas impress\u00f5es a respeito de uma s\u00e9rie de lorotas que s\u00e3o ditas em palestras voltadas a \"empreendedores\" tendo em vista a realidade de quem tem uma empresa de verdade.","og_url":"https:\/\/devkico.itexto.com.br\/?p=2520","og_site_name":"\/dev\/Kico","article_published_time":"2016-08-30T02:53:34+00:00","og_image":[{"url":"http:\/\/www.itexto.net\/devkico\/wp-content\/uploads\/2016\/08\/simpsons-radioactive-300x202.jpg"}],"author":"Kico (Henrique Lobo Weissmann)","twitter_card":"summary_large_image","twitter_creator":"@loboweissmann","twitter_misc":{"Escrito por":"Kico (Henrique Lobo Weissmann)","Est. tempo de leitura":"8 minutos"},"schema":{"@context":"https:\/\/schema.org","@graph":[{"@type":"WebPage","@id":"https:\/\/devkico.itexto.com.br\/?p=2520","url":"https:\/\/devkico.itexto.com.br\/?p=2520","name":"Eu e o empreendedorismo do palco - \/dev\/Kico","isPartOf":{"@id":"https:\/\/devkico.itexto.com.br\/#website"},"primaryImageOfPage":{"@id":"https:\/\/devkico.itexto.com.br\/?p=2520#primaryimage"},"image":{"@id":"https:\/\/devkico.itexto.com.br\/?p=2520#primaryimage"},"thumbnailUrl":"https:\/\/devkico.itexto.com.br\/wp-content\/uploads\/2016\/08\/simpsons-radioactive-300x202.jpg","datePublished":"2016-08-30T02:53:34+00:00","dateModified":"2016-08-30T02:53:34+00:00","author":{"@id":"https:\/\/devkico.itexto.com.br\/#\/schema\/person\/502ab8892631bb005d6da2269fe5a3a7"},"breadcrumb":{"@id":"https:\/\/devkico.itexto.com.br\/?p=2520#breadcrumb"},"inLanguage":"pt-BR","potentialAction":[{"@type":"ReadAction","target":["https:\/\/devkico.itexto.com.br\/?p=2520"]}]},{"@type":"ImageObject","inLanguage":"pt-BR","@id":"https:\/\/devkico.itexto.com.br\/?p=2520#primaryimage","url":"https:\/\/devkico.itexto.com.br\/wp-content\/uploads\/2016\/08\/simpsons-radioactive.jpg","contentUrl":"https:\/\/devkico.itexto.com.br\/wp-content\/uploads\/2016\/08\/simpsons-radioactive.jpg","width":383,"height":258},{"@type":"BreadcrumbList","@id":"https:\/\/devkico.itexto.com.br\/?p=2520#breadcrumb","itemListElement":[{"@type":"ListItem","position":1,"name":"Home","item":"https:\/\/devkico.itexto.com.br\/"},{"@type":"ListItem","position":2,"name":"Eu e o empreendedorismo do palco"}]},{"@type":"WebSite","@id":"https:\/\/devkico.itexto.com.br\/#website","url":"https:\/\/devkico.itexto.com.br\/","name":"\/dev\/Kico","description":"Desenvolvendo software","potentialAction":[{"@type":"SearchAction","target":{"@type":"EntryPoint","urlTemplate":"https:\/\/devkico.itexto.com.br\/?s={search_term_string}"},"query-input":"required name=search_term_string"}],"inLanguage":"pt-BR"},{"@type":"Person","@id":"https:\/\/devkico.itexto.com.br\/#\/schema\/person\/502ab8892631bb005d6da2269fe5a3a7","name":"Kico (Henrique Lobo Weissmann)","image":{"@type":"ImageObject","inLanguage":"pt-BR","@id":"https:\/\/devkico.itexto.com.br\/#\/schema\/person\/image\/","url":"https:\/\/secure.gravatar.com\/avatar\/dd6973d86a689bc63122b2e603f25be3?s=96&d=mm&r=g","contentUrl":"https:\/\/secure.gravatar.com\/avatar\/dd6973d86a689bc63122b2e603f25be3?s=96&d=mm&r=g","caption":"Kico (Henrique Lobo Weissmann)"},"sameAs":["https:\/\/x.com\/loboweissmann"],"url":"https:\/\/devkico.itexto.com.br\/?author=1"}]}},"jetpack_featured_media_url":"","jetpack-related-posts":[],"jetpack_sharing_enabled":true,"jetpack_likes_enabled":true,"_links":{"self":[{"href":"https:\/\/devkico.itexto.com.br\/index.php?rest_route=\/wp\/v2\/posts\/2520"}],"collection":[{"href":"https:\/\/devkico.itexto.com.br\/index.php?rest_route=\/wp\/v2\/posts"}],"about":[{"href":"https:\/\/devkico.itexto.com.br\/index.php?rest_route=\/wp\/v2\/types\/post"}],"author":[{"embeddable":true,"href":"https:\/\/devkico.itexto.com.br\/index.php?rest_route=\/wp\/v2\/users\/1"}],"replies":[{"embeddable":true,"href":"https:\/\/devkico.itexto.com.br\/index.php?rest_route=%2Fwp%2Fv2%2Fcomments&post=2520"}],"version-history":[{"count":2,"href":"https:\/\/devkico.itexto.com.br\/index.php?rest_route=\/wp\/v2\/posts\/2520\/revisions"}],"predecessor-version":[{"id":2525,"href":"https:\/\/devkico.itexto.com.br\/index.php?rest_route=\/wp\/v2\/posts\/2520\/revisions\/2525"}],"wp:attachment":[{"href":"https:\/\/devkico.itexto.com.br\/index.php?rest_route=%2Fwp%2Fv2%2Fmedia&parent=2520"}],"wp:term":[{"taxonomy":"category","embeddable":true,"href":"https:\/\/devkico.itexto.com.br\/index.php?rest_route=%2Fwp%2Fv2%2Fcategories&post=2520"},{"taxonomy":"post_tag","embeddable":true,"href":"https:\/\/devkico.itexto.com.br\/index.php?rest_route=%2Fwp%2Fv2%2Ftags&post=2520"}],"curies":[{"name":"wp","href":"https:\/\/api.w.org\/{rel}","templated":true}]}}