{"id":2555,"date":"2016-12-24T23:47:14","date_gmt":"2016-12-25T02:47:14","guid":{"rendered":"https:\/\/devkico.itexto.com.br\/?p=2555"},"modified":"2016-12-24T23:47:14","modified_gmt":"2016-12-25T02:47:14","slug":"leitura-modo-de-usar","status":"publish","type":"post","link":"https:\/\/devkico.itexto.com.br\/?p=2555","title":{"rendered":"Leitura: modo de usar"},"content":{"rendered":"<p>Se voc\u00ea acompanha este blog j\u00e1 deve ter notado que um dos meus assuntos\u00a0favoritos \u00e9 a leitura (basta ver os dois \u00faltimos posts <a href=\"https:\/\/devkico.itexto.com.br\/?p=2544\">aqui<\/a> e <a href=\"https:\/\/devkico.itexto.com.br\/?p=2539\">aqui<\/a>, al\u00e9m da minha lista anual de boas leituras do ano). Curioso que a leitura s\u00f3 se tornou algo realmente importante para mim bem tarde: eu tinha l\u00e1 pelos meus 17, 18 anos.<\/p>\n<p>Ainda mais interessante \u00e9 saber\u00a0que fui um analfabeto funcional at\u00e9 os\u00a021 anos, quando ingressei no curso de Filosofia.<\/p>\n<p>At\u00e9 2014 eu acreditava que a educa\u00e7\u00e3o era um problema s\u00e9rio em nosso pa\u00eds, a partir de 2015\u00a0passei a ter a\u00a0<strong>certeza<\/strong> de ser o que ir\u00e1 (e j\u00e1 est\u00e1) destrui(r|ndo) esta\u00a0na\u00e7\u00e3o. Ent\u00e3o este post \u00e9 sobre a \u00fanica ferramenta que conhe\u00e7o e sei ser capaz de alavancar a vida de algu\u00e9m: a leitura.<\/p>\n<h3>Como ela alavanca sua vida<\/h3>\n<p><img loading=\"lazy\" decoding=\"async\" class=\"aligncenter size-medium wp-image-2560\" src=\"https:\/\/devkico.itexto.com.br\/wp-content\/uploads\/2016\/12\/grafoWebAdictos-300x300.jpg\" alt=\"grafowebadictos\" width=\"300\" height=\"300\" srcset=\"https:\/\/devkico.itexto.com.br\/wp-content\/uploads\/2016\/12\/grafoWebAdictos-300x300.jpg 300w, https:\/\/devkico.itexto.com.br\/wp-content\/uploads\/2016\/12\/grafoWebAdictos-150x150.jpg 150w, https:\/\/devkico.itexto.com.br\/wp-content\/uploads\/2016\/12\/grafoWebAdictos.jpg 640w\" sizes=\"(max-width: 300px) 100vw, 300px\" \/><\/p>\n<p>Eu tinha 18 anos, tr\u00eas bombas em meu curr\u00edculo escolar e uma vida confortavelmente vadia. Escola pela manh\u00e3, tarde e noites livres para fazer o que quisesse: ao final do bimestre corria atr\u00e1s para tirar m\u00e9dia nas provas e ao final do ano me safava de outra bomba ao passar nas constantes recupera\u00e7\u00f5es. Engra\u00e7ado pensar como a mediocridade parecia <em>massa<\/em>\u00a0naqueles dias&#8230;<\/p>\n<p>Alguns conhecidos\u00a0j\u00e1 estavam na faculdade e uns\u00a0raros fazendo interc\u00e2mbio, eu ainda no segundo grau. Como eram pessoas distantes, n\u00e3o passavam de mera curiosidade: pareciam seres super dotados, sortudos ou beneficiados (inveja detected). Depois de um tempo muitos amigos pr\u00f3ximos come\u00e7aram a ferrar suas vidas de maneiras assustadoras, e ainda n\u00e3o sei como n\u00e3o ocorreu comigo (mortes, acidentes, doen\u00e7as facilmente evit\u00e1veis, sequelas de drogas, paternidade precoce&#8230;).<\/p>\n<p>Veio o primeiro vestibular, quase todos os <em>sobreviventes<\/em>\u00a0passaram e eu n\u00e3o. Foi quando percebi que aqueles que estudavam conseguiam se distanciar de um destino desagrad\u00e1vel. Notei algo que diferenciava os <em>sobreviventes<\/em> dos <em>demais<\/em>:\u00a0<strong>o estudo<\/strong>.<\/p>\n<p>A mediocridade agora se apresentava a mim como uma doen\u00e7a: aqueles que chamei de\u00a0<em>sobreviventes<\/em> na realidade estavam\u00a0<em>vivendo<\/em>. <strong>Eu<\/strong>\u00a0<em>sobrevivia<\/em>: a cada ano ficava mais velho e sem saber o que fazer.\u00a0Temia me juntar aos que haviam falhado de maneira t\u00e3o est\u00fapida. Na realidade, quase todos me viam como sendo pertencente ao grupo dos que ficaram.<\/p>\n<p>Entrei no pr\u00e9-vestibular e fiquei por quatro meses, na sequ\u00eancia fui para o mercado de trabalho (em uma Livraria), estudei feito um louco e passei <a href=\"http:\/\/educaterra.terra.com.br\/vestibular\/ufmg_fim\/2ETP-031.htm\">em sexto lugar no vestibular de Filosofia<\/a>. Neste\u00a0processo de um ano me afastei do cemit\u00e9rio e desde ent\u00e3o as coisas s\u00f3 melhoraram.<\/p>\n<p>A leitura me apresentava alternativas que at\u00e9 ent\u00e3o sequer imaginava: coisas que n\u00e3o te contam na mesa\u00a0do bar, experi\u00eancias que n\u00e3o s\u00e3o facilmente acess\u00edveis,\u00a0<strong>possibilidades<\/strong> que n\u00e3o se espera. Resumindo: os textos\u00a0me expunham a objetos que s\u00f3 teria acesso em uma conversa se tivesse\u00a0<strong>muita sorte<\/strong>.<\/p>\n<p>Mais do que isto, ao aprender algo novo surgiam conex\u00f5es entre os assuntos. Eu via, por exemplo, a ma\u00e7\u00e3 da Apple, que estava ligada \u00e0 de <a href=\"https:\/\/upload.wikimedia.org\/wikipedia\/commons\/f\/fa\/Apple_first_logo.png\">Newton<\/a>, que tamb\u00e9m referenciava a\u00a0tenta\u00e7\u00e3o (por isto mordida). Os videogames se tornavam mais ricos tamb\u00e9m: o cogumelo do Mario n\u00e3o era apenas um cogumelo m\u00e1gico, era uma refer\u00eancia \u00e0 &#8220;Alice no Pa\u00eds das Maravilhas&#8221;.<\/p>\n<p>E do ponto de vista financeiro tamb\u00e9m era \u00f3timo: na livraria o cliente mencionava um assunto, eu sabia que ele estava relacionado a outros e quais livros os continham e nisto vendia mais, o que me incentivava muito a ler mais livros, que conhecia em meu tempo ocioso na loja.\u00a0Iniciou-se um ciclo: quanto mais lia mais vendia.<\/p>\n<p>Ao vender mais livros, via que o processo de organiza\u00e7\u00e3o da loja era uma merda pois o software era um lixo. Nascia o primeiro produto da itexto, que foi a Plataforma Livreiro. E ent\u00e3o eu tinha contato com mais livros de inform\u00e1tica para aprender a programar melhor, e com isto fui me tornando o que realmente queria ser e serei sempre: um programador.<\/p>\n<p>Neste momento come\u00e7o a detectar as ideias e relaciona-las entre si.<\/p>\n<h3>Como aprendi a ler aos 21 anos<\/h3>\n<p><img loading=\"lazy\" decoding=\"async\" class=\"aligncenter size-medium wp-image-2558\" src=\"https:\/\/devkico.itexto.com.br\/wp-content\/uploads\/2016\/12\/AlessandroTarsia_filosofia02_paideia2-300x295.jpg\" alt=\"alessandrotarsia_filosofia02_paideia2\" width=\"300\" height=\"295\" srcset=\"https:\/\/devkico.itexto.com.br\/wp-content\/uploads\/2016\/12\/AlessandroTarsia_filosofia02_paideia2-300x295.jpg 300w, https:\/\/devkico.itexto.com.br\/wp-content\/uploads\/2016\/12\/AlessandroTarsia_filosofia02_paideia2.jpg 320w\" sizes=\"(max-width: 300px) 100vw, 300px\" \/><\/p>\n<p>Meus anos na escola foram descart\u00e1veis: era p\u00e9ssimo aluno. Creio que o ensino tamb\u00e9m n\u00e3o era t\u00e3o bom assim pois nos quatro meses de vestibular &#8220;aprendi&#8221; tudo o que me fora ensinado nos 14 anos que passei na escola. Claro que agora eu pagaria um pre\u00e7o alt\u00edssimo por minha vadiagem.<\/p>\n<p>De todos os cursos escolhi\u00a0um dos quais a disciplina de estudo era das mais ferrenhas. Eu mal sabia portugu\u00eas (at\u00e9 hoje n\u00e3o se sabe\u00a0como aprendi ingl\u00eas na inf\u00e2ncia), e de repente era necess\u00e1rio conhecer o m\u00ednimo do franc\u00eas, grego, latim, alem\u00e3o. Ainda pior: minha leitura era extremamente ineficiente. Era um procedimento estritamente linear, diversas palavras eu n\u00e3o conhecia e ao final dos textos creio que captava no m\u00e1ximo uns 20% do conte\u00fado.<\/p>\n<p>Era claro que a coisa n\u00e3o estava funcionando e n\u00e3o iria funcionar: meu destino zumbi se aproximava novamente. O interessante \u00e9 que os professores detectaram esta falha n\u00e3o apenas em mim, mas na maior parte da turma, raz\u00e3o pela qual tivemos uma mat\u00e9ria especial cujo objetivo era justamente\u00a0<strong>aprender a estudar<\/strong>. Foi quando aprendi a ler <strong>de verdade<\/strong>.<\/p>\n<p>Ok, em um primeiro momento eu conectava as ideias que conseguia captar. A partir de agora al\u00e9m de captar\u00a0<strong>mais ideias<\/strong>, eu tamb\u00e9m as\u00a0<strong>entendia a fundo e as questionava.<\/strong> Como?<\/p>\n<h3>Como ler um texto<\/h3>\n<p><img loading=\"lazy\" decoding=\"async\" class=\"aligncenter size-medium wp-image-2557\" src=\"https:\/\/devkico.itexto.com.br\/wp-content\/uploads\/2016\/12\/256_P-300x203.jpg\" alt=\"256_p\" width=\"300\" height=\"203\" srcset=\"https:\/\/devkico.itexto.com.br\/wp-content\/uploads\/2016\/12\/256_P-300x203.jpg 300w, https:\/\/devkico.itexto.com.br\/wp-content\/uploads\/2016\/12\/256_P-768x518.jpg 768w, https:\/\/devkico.itexto.com.br\/wp-content\/uploads\/2016\/12\/256_P.jpg 800w\" sizes=\"(max-width: 300px) 100vw, 300px\" \/><\/p>\n<p>Ler\u00a0n\u00e3o \u00e9 um ato passivo. Seus olhos n\u00e3o devem simplesmente seguir as linhas\u00a0repetindo em sua cabe\u00e7a as palavras impressas. O leitor deve assumir uma postura ativa diante do texto. Pode soar curioso para alguns, mas o texto n\u00e3o \u00e9 um mon\u00f3logo e sim um di\u00e1logo com o leitor.<\/p>\n<p>Terminou o par\u00e1grafo ou frase, se questione: aquilo faz sentido? Voc\u00ea realmente\u00a0<strong>entende<\/strong> aquilo que foi dito? Consegue pensar em exemplos que ilustrem aquela situa\u00e7\u00e3o? Visualizou a cena? O\u00a0par\u00e1grafo n\u00e3o deve terminar com um ponto ou exclama\u00e7\u00e3o, mas sempre com uma interroga\u00e7\u00e3o na mente do leitor.<\/p>\n<p>O texto \u00e9 uma pergunta: o bom autor te incita a pensar (de prefer\u00eancia <strong>naquele<\/strong> momento). Ainda mais importante:\u00a0<strong>nem sempre o autor est\u00e1 certo.<\/strong> Uma leitura rica envolve a discord\u00e2ncia do leitor em rela\u00e7\u00e3o ao autor. Discordou? Ent\u00e3o tenha certeza de que teve uma experi\u00eancia foda. \u00a0A leitura deve ser uma discuss\u00e3o. E n\u00e3o, um livro do qual se discorda n\u00e3o \u00e9 necessariamente um livro ruim.<\/p>\n<p>(quer um bom exemplo disto? Leia Plat\u00e3o: em diversos pontos de\u00a0seus di\u00e1logos ideias erradas s\u00e3o inseridas\u00a0propositalmente para incitar o leitor a discordar. E o mais importante: rar\u00edssimas vezes chega-se a uma conclus\u00e3o &#8211; \u00e9 a\u00a0<a href=\"https:\/\/pt.wikipedia.org\/wiki\/Aporia\"><em>aporia<\/em><\/a>)<\/p>\n<p>A leitura proveitosa \u00e9 um processo lento. Muito lento (demorei 10 anos para terminar as 80 e poucas p\u00e1ginas do <a href=\"https:\/\/pt.wikipedia.org\/wiki\/Tractatus_Logico-Philosophicus\">Tractactus<\/a> do Wittgenstein, que talvez tenha sido a melhor leitura da minha vida). Requer que tenhamos o que Hegel chamava de\u00a0<em>paci\u00eancia do conceito<\/em>.<\/p>\n<p>O leitor n\u00e3o pode sucumbir \u00e0 ansiedade. O autor ao expor a informa\u00e7\u00e3o o faz de uma forma construtiva, uma ideia por vez, e estas ideias s\u00e3o tran\u00e7adas como um bordado. Ali\u00e1s, sabe qual \u00e9 uma das origens etimol\u00f3gicas da palavra\u00a0<em>texto<\/em>? Tecido.<\/p>\n<p>Quando todas as ideias se conectam (voc\u00ea chegou ao final do texto), a tape\u00e7aria final lhe \u00e9 exposta. Voc\u00ea questionou cada uma de suas linhas e agora tem uma vis\u00e3o global da inten\u00e7\u00e3o do autor ou, melhor ainda, da\u00a0<em>sua<\/em> interpreta\u00e7\u00e3o sobre o que foi escrito.<\/p>\n<p>O v\u00eddeo ou o \u00e1udio n\u00e3o lhe proporcionam de maneira t\u00e3o f\u00e1cil este di\u00e1logo que descrevi acima. Ali\u00e1s, temo que o excesso audiovisual dos dias atuais ao nos isolar desta\u00a0<em>conversa<\/em> terminar\u00e1 por nos emburrecer. Voc\u00ea pode at\u00e9 mesmo pensar que est\u00e1 aprendendo com um audiobook ou v\u00eddeo, mas nossa postura \u00e9 mais passiva que ativa nesses meios.<\/p>\n<p>A leitura \u00e9 um jogo <em>n\u00e3o linear<\/em>. Ler linearmente \u00e9 desperd\u00edcio do seu tempo. Pense naquele texto dif\u00edcil, voc\u00ea passa pelos par\u00e1grafos em sequ\u00eancia? Eu n\u00e3o: na realidade\u00a0<em>luto com eles<\/em>. Volto ao in\u00edcio, releio diversas vezes, pego um marcador, o risco em n\u00a0partes, \u00e0s vezes at\u00e9 mesmo xingo o autor verbalmente. H\u00e1 termos desconhecidos? Busco no dicion\u00e1rio\/internet, penso no significado e se foi bem aplicado. \u00c9 o di\u00e1logo novamente.<\/p>\n<p>Voc\u00ea tamb\u00e9m pode voltar n\u00e3o apenas ao in\u00edcio do par\u00e1grafo, mas p\u00e1ginas atr\u00e1s. Nestes casos marco meus livros com o que tiver em m\u00e3os. No caso de PDF, melhor ainda, pois as possibilidades s\u00e3o ainda mais interessantes e n\u00e3o preciso comprar mais de uma c\u00f3pia f\u00edsica do livro (sim, em alguns casos tenho mais de uma c\u00f3pia do livro, justamente devido \u00e0s anota\u00e7\u00f5es e marca\u00e7\u00f5es que fa\u00e7o nestes).<\/p>\n<p>Um texto denso quando lido linearmente normalmente \u00e9 um texto denso mal lido e portanto pouco compreendido. Pior: \u00e9 seu tempo jogado fora e talvez uma baixa em sua auto estima.<\/p>\n<p>Sabe aquelas notas de rodap\u00e9? Valem ouro, leia todas tamb\u00e9m. Ali\u00e1s, uma dica: h\u00e1 livros nos quais as notas s\u00e3o mais interessantes que o conte\u00fado principal. N\u00e3o foram inseridas por acaso, est\u00e3o ali por que abrem trilhas de pesquisa para o leitor: est\u00e3o ali por que se fossem inseridas no texto principal afastariam demais o leitor do objetivo original da obra.<\/p>\n<p>Vejo as notas de rodap\u00e9\u00a0como &#8220;conex\u00f5es gratuitas entre ideias&#8221;. O autor est\u00e1 ali te mostrando que h\u00e1 conex\u00e3o entre o texto principal e outros assuntos que se encontram fora do escopo original do trabalho.<\/p>\n<p>Ainda mais interessante \u00e9 quando o leitor se torna autor. N\u00e3o basta apenas dialogar, voc\u00ea tamb\u00e9m tem de fazer suas notas a respeito do que est\u00e1 lendo. Por que isto \u00e9 importante? Por que voc\u00ea s\u00f3 conhece algo quando de fato consegue descrev\u00ea-lo em palavras, principalmente quando forem compreens\u00edveis por outras pessoas que n\u00e3o sejam voc\u00ea.<\/p>\n<p>Quando digo notas n\u00e3o quero dizer resumos, digo novos textos mesmo. Nos ensinam errado a estudar: n\u00e3o \u00e9 repetir\u00a0o que o autor disse. \u00c9 externalizar as suas pr\u00f3prias ideias, surgidas a partir da leitura como conte\u00fado novo. Quando chegamos a este ponto o ciclo da leitura se fechou: leitor se tornou autor, que agora ir\u00e1 interagir com outros leitores e por a\u00ed vai.<\/p>\n<p>Este blog, por exemplo, \u00a0\u00e9 a materializa\u00e7\u00e3o deste ciclo. Basta ver os posts mais antigos, como <a href=\"https:\/\/devkico.itexto.com.br\/?p=5\">este<\/a>.<\/p>\n<h3>Dicas de leitura<\/h3>\n<p>Eu n\u00e3o podia terminar um post sobre a leitura sem dar dicas de leitura sobre a&#8230; leitura, certo? Ent\u00e3o seguem dois livros que adoro sobre o assunto.<\/p>\n<h4>Uma Hist\u00f3ria da Leitura &#8211; Alberto Manguel<\/h4>\n<p><img loading=\"lazy\" decoding=\"async\" class=\"aligncenter size-medium wp-image-2561\" src=\"https:\/\/devkico.itexto.com.br\/wp-content\/uploads\/2016\/12\/Uma-Hist\u00f3ria-da-Leitura-300x300.jpg\" alt=\"uma-historia-da-leitura\" width=\"300\" height=\"300\" srcset=\"https:\/\/devkico.itexto.com.br\/wp-content\/uploads\/2016\/12\/Uma-Hist\u00f3ria-da-Leitura-300x300.jpg 300w, https:\/\/devkico.itexto.com.br\/wp-content\/uploads\/2016\/12\/Uma-Hist\u00f3ria-da-Leitura-150x150.jpg 150w, https:\/\/devkico.itexto.com.br\/wp-content\/uploads\/2016\/12\/Uma-Hist\u00f3ria-da-Leitura-768x768.jpg 768w, https:\/\/devkico.itexto.com.br\/wp-content\/uploads\/2016\/12\/Uma-Hist\u00f3ria-da-Leitura.jpg 800w\" sizes=\"(max-width: 300px) 100vw, 300px\" \/><\/p>\n<p>O t\u00edtulo j\u00e1 diz tudo: \u00e9 a hist\u00f3ria do ato de ler. Este livro tem a introdu\u00e7\u00e3o mais bonita que j\u00e1 li. Uma leitura maravilhosa. Al\u00e9m de tudo \u00e9 ilustrado, e com excelentes imagens que realmente enriquecem muito o conte\u00fado.<\/p>\n<p>Uma hist\u00f3ria inusitada para a nossa ferramenta mais poderosa. De novo: leitura maravilhosa!<\/p>\n<h4>Como se faz uma tese &#8211; Umberto Eco<\/h4>\n<p><img loading=\"lazy\" decoding=\"async\" class=\"aligncenter size-medium wp-image-2562\" src=\"https:\/\/devkico.itexto.com.br\/wp-content\/uploads\/2016\/12\/156744_1GG-300x300.jpg\" alt=\"156744_1gg\" width=\"300\" height=\"300\" srcset=\"https:\/\/devkico.itexto.com.br\/wp-content\/uploads\/2016\/12\/156744_1GG-300x300.jpg 300w, https:\/\/devkico.itexto.com.br\/wp-content\/uploads\/2016\/12\/156744_1GG-150x150.jpg 150w, https:\/\/devkico.itexto.com.br\/wp-content\/uploads\/2016\/12\/156744_1GG.jpg 500w\" sizes=\"(max-width: 300px) 100vw, 300px\" \/><\/p>\n<p>Ainda vou escrever um post sobre\u00a0<em>como estudar<\/em>. Enquanto isto, algu\u00e9m que fez um trabalho muito melhor foi o Umberto Eco neste livro. Nele voc\u00ea aprender\u00e1 como \u00e9 o of\u00edcio do pesquisador\/autor. Sabe aquele neg\u00f3cio que mencionei de ter mais de uma c\u00f3pia f\u00edsica do livro como objeto de trabalho? Aprendi a\u00ed.<\/p>\n<p>Como se faz um fichamento, como se marca um livro, como se escreve resumos, enfim, como escrever um livro t\u00e9cnico de uma forma minimamente decente.<\/p>\n<p>Interessante que \u00e9 o of\u00edcio do pesquisador\u00a0<em>antes da Internet<\/em>.<\/p>\n<h3>Conclus\u00e3o?<\/h3>\n<p>Este post n\u00e3o tem conclus\u00f5es. Quis apenas expor aqui como trato o ato da leitura por saber que \u00e9 uma forma eficiente de se aprender e tamb\u00e9m devido ao meu medo de que estejamos iniciando um processo de emburrecimento coletivo com o excesso audiovisual.<\/p>\n<p>Se a leitura for vista como um ato\u00a0<strong>interativo<\/strong> e n\u00e3o como algo\u00a0<strong>passivo<\/strong> tenho certeza de que terei dado minha contribui\u00e7\u00e3o.<\/p>\n<p>PS: livros interativos n\u00e3o funcionaram. Prova disto foi a morte da ind\u00fastria do CD-ROM, que n\u00e3o foi substitu\u00edda pela Internet.<\/p>\n<h3><\/h3>\n","protected":false},"excerpt":{"rendered":"<p>Voc\u00ea tem certeza de que sabe ler? Eu tinha esta certeza, hoje vejo que n\u00e3o sabia e aqui, talvez de forma bastante arrogante, estou te mostrando como se deve tratar um texto.<\/p>\n","protected":false},"author":1,"featured_media":2559,"comment_status":"open","ping_status":"open","sticky":false,"template":"","format":"standard","meta":{"_coblocks_attr":"","_coblocks_dimensions":"","_coblocks_responsive_height":"","_coblocks_accordion_ie_support":"","site-sidebar-layout":"default","site-content-layout":"","ast-site-content-layout":"","site-content-style":"default","site-sidebar-style":"default","ast-global-header-display":"","ast-banner-title-visibility":"","ast-main-header-display":"","ast-hfb-above-header-display":"","ast-hfb-below-header-display":"","ast-hfb-mobile-header-display":"","site-post-title":"","ast-breadcrumbs-content":"","ast-featured-img":"","footer-sml-layout":"","theme-transparent-header-meta":"","adv-header-id-meta":"","stick-header-meta":"","header-above-stick-meta":"","header-main-stick-meta":"","header-below-stick-meta":"","astra-migrate-meta-layouts":"default","ast-page-background-enabled":"default","ast-page-background-meta":{"desktop":{"background-color":"var(--ast-global-color-4)","background-image":"","background-repeat":"repeat","background-position":"center center","background-size":"auto","background-attachment":"scroll","background-type":"","background-media":"","overlay-type":"","overlay-color":"","overlay-gradient":""},"tablet":{"background-color":"","background-image":"","background-repeat":"repeat","background-position":"center center","background-size":"auto","background-attachment":"scroll","background-type":"","background-media":"","overlay-type":"","overlay-color":"","overlay-gradient":""},"mobile":{"background-color":"","background-image":"","background-repeat":"repeat","background-position":"center center","background-size":"auto","background-attachment":"scroll","background-type":"","background-media":"","overlay-type":"","overlay-color":"","overlay-gradient":""}},"ast-content-background-meta":{"desktop":{"background-color":"var(--ast-global-color-5)","background-image":"","background-repeat":"repeat","background-position":"center center","background-size":"auto","background-attachment":"scroll","background-type":"","background-media":"","overlay-type":"","overlay-color":"","overlay-gradient":""},"tablet":{"background-color":"var(--ast-global-color-5)","background-image":"","background-repeat":"repeat","background-position":"center center","background-size":"auto","background-attachment":"scroll","background-type":"","background-media":"","overlay-type":"","overlay-color":"","overlay-gradient":""},"mobile":{"background-color":"var(--ast-global-color-5)","background-image":"","background-repeat":"repeat","background-position":"center center","background-size":"auto","background-attachment":"scroll","background-type":"","background-media":"","overlay-type":"","overlay-color":"","overlay-gradient":""}},"jetpack_post_was_ever_published":false,"_jetpack_newsletter_access":"","_jetpack_dont_email_post_to_subs":false,"_jetpack_newsletter_tier_id":0,"_jetpack_memberships_contains_paywalled_content":false,"_jetpack_memberships_contains_paid_content":false,"footnotes":""},"categories":[34],"tags":[],"class_list":["post-2555","post","type-post","status-publish","format-standard","has-post-thumbnail","hentry","category-paideia"],"yoast_head":"<!-- This site is optimized with the Yoast SEO plugin v22.8 - https:\/\/yoast.com\/wordpress\/plugins\/seo\/ -->\n<title>Leitura: modo de usar - \/dev\/Kico<\/title>\n<meta name=\"robots\" content=\"index, follow, max-snippet:-1, max-image-preview:large, max-video-preview:-1\" \/>\n<link rel=\"canonical\" href=\"https:\/\/devkico.itexto.com.br\/?p=2555\" \/>\n<meta property=\"og:locale\" content=\"pt_BR\" \/>\n<meta property=\"og:type\" content=\"article\" \/>\n<meta property=\"og:title\" content=\"Leitura: modo de usar - \/dev\/Kico\" \/>\n<meta property=\"og:description\" content=\"Voc\u00ea tem certeza de que sabe ler? Eu tinha esta certeza, hoje vejo que n\u00e3o sabia e aqui, talvez de forma bastante arrogante, estou te mostrando como se deve tratar um texto.\" \/>\n<meta property=\"og:url\" content=\"https:\/\/devkico.itexto.com.br\/?p=2555\" \/>\n<meta property=\"og:site_name\" content=\"\/dev\/Kico\" \/>\n<meta property=\"article:published_time\" content=\"2016-12-25T02:47:14+00:00\" \/>\n<meta property=\"og:image\" content=\"https:\/\/devkico.itexto.com.br\/wp-content\/uploads\/2016\/12\/P66-2.jpg\" \/>\n\t<meta property=\"og:image:width\" content=\"945\" \/>\n\t<meta property=\"og:image:height\" content=\"1149\" \/>\n\t<meta property=\"og:image:type\" content=\"image\/jpeg\" \/>\n<meta name=\"author\" content=\"Kico (Henrique Lobo Weissmann)\" \/>\n<meta name=\"twitter:card\" content=\"summary_large_image\" \/>\n<meta name=\"twitter:creator\" content=\"@loboweissmann\" \/>\n<meta name=\"twitter:label1\" content=\"Escrito por\" \/>\n\t<meta name=\"twitter:data1\" content=\"Kico (Henrique Lobo Weissmann)\" \/>\n\t<meta name=\"twitter:label2\" content=\"Est. tempo de leitura\" \/>\n\t<meta name=\"twitter:data2\" content=\"10 minutos\" \/>\n<script type=\"application\/ld+json\" class=\"yoast-schema-graph\">{\"@context\":\"https:\/\/schema.org\",\"@graph\":[{\"@type\":\"WebPage\",\"@id\":\"https:\/\/devkico.itexto.com.br\/?p=2555\",\"url\":\"https:\/\/devkico.itexto.com.br\/?p=2555\",\"name\":\"Leitura: modo de usar - \/dev\/Kico\",\"isPartOf\":{\"@id\":\"https:\/\/devkico.itexto.com.br\/#website\"},\"primaryImageOfPage\":{\"@id\":\"https:\/\/devkico.itexto.com.br\/?p=2555#primaryimage\"},\"image\":{\"@id\":\"https:\/\/devkico.itexto.com.br\/?p=2555#primaryimage\"},\"thumbnailUrl\":\"https:\/\/devkico.itexto.com.br\/wp-content\/uploads\/2016\/12\/P66-2.jpg\",\"datePublished\":\"2016-12-25T02:47:14+00:00\",\"dateModified\":\"2016-12-25T02:47:14+00:00\",\"author\":{\"@id\":\"https:\/\/devkico.itexto.com.br\/#\/schema\/person\/502ab8892631bb005d6da2269fe5a3a7\"},\"breadcrumb\":{\"@id\":\"https:\/\/devkico.itexto.com.br\/?p=2555#breadcrumb\"},\"inLanguage\":\"pt-BR\",\"potentialAction\":[{\"@type\":\"ReadAction\",\"target\":[\"https:\/\/devkico.itexto.com.br\/?p=2555\"]}]},{\"@type\":\"ImageObject\",\"inLanguage\":\"pt-BR\",\"@id\":\"https:\/\/devkico.itexto.com.br\/?p=2555#primaryimage\",\"url\":\"https:\/\/devkico.itexto.com.br\/wp-content\/uploads\/2016\/12\/P66-2.jpg\",\"contentUrl\":\"https:\/\/devkico.itexto.com.br\/wp-content\/uploads\/2016\/12\/P66-2.jpg\",\"width\":945,\"height\":1149},{\"@type\":\"BreadcrumbList\",\"@id\":\"https:\/\/devkico.itexto.com.br\/?p=2555#breadcrumb\",\"itemListElement\":[{\"@type\":\"ListItem\",\"position\":1,\"name\":\"Home\",\"item\":\"https:\/\/devkico.itexto.com.br\/\"},{\"@type\":\"ListItem\",\"position\":2,\"name\":\"Leitura: modo de usar\"}]},{\"@type\":\"WebSite\",\"@id\":\"https:\/\/devkico.itexto.com.br\/#website\",\"url\":\"https:\/\/devkico.itexto.com.br\/\",\"name\":\"\/dev\/Kico\",\"description\":\"Desenvolvendo software\",\"potentialAction\":[{\"@type\":\"SearchAction\",\"target\":{\"@type\":\"EntryPoint\",\"urlTemplate\":\"https:\/\/devkico.itexto.com.br\/?s={search_term_string}\"},\"query-input\":\"required name=search_term_string\"}],\"inLanguage\":\"pt-BR\"},{\"@type\":\"Person\",\"@id\":\"https:\/\/devkico.itexto.com.br\/#\/schema\/person\/502ab8892631bb005d6da2269fe5a3a7\",\"name\":\"Kico (Henrique Lobo Weissmann)\",\"image\":{\"@type\":\"ImageObject\",\"inLanguage\":\"pt-BR\",\"@id\":\"https:\/\/devkico.itexto.com.br\/#\/schema\/person\/image\/\",\"url\":\"https:\/\/secure.gravatar.com\/avatar\/dd6973d86a689bc63122b2e603f25be3?s=96&d=mm&r=g\",\"contentUrl\":\"https:\/\/secure.gravatar.com\/avatar\/dd6973d86a689bc63122b2e603f25be3?s=96&d=mm&r=g\",\"caption\":\"Kico (Henrique Lobo Weissmann)\"},\"sameAs\":[\"https:\/\/x.com\/loboweissmann\"],\"url\":\"https:\/\/devkico.itexto.com.br\/?author=1\"}]}<\/script>\n<!-- \/ Yoast SEO plugin. -->","yoast_head_json":{"title":"Leitura: modo de usar - \/dev\/Kico","robots":{"index":"index","follow":"follow","max-snippet":"max-snippet:-1","max-image-preview":"max-image-preview:large","max-video-preview":"max-video-preview:-1"},"canonical":"https:\/\/devkico.itexto.com.br\/?p=2555","og_locale":"pt_BR","og_type":"article","og_title":"Leitura: modo de usar - \/dev\/Kico","og_description":"Voc\u00ea tem certeza de que sabe ler? Eu tinha esta certeza, hoje vejo que n\u00e3o sabia e aqui, talvez de forma bastante arrogante, estou te mostrando como se deve tratar um texto.","og_url":"https:\/\/devkico.itexto.com.br\/?p=2555","og_site_name":"\/dev\/Kico","article_published_time":"2016-12-25T02:47:14+00:00","og_image":[{"width":945,"height":1149,"url":"https:\/\/devkico.itexto.com.br\/wp-content\/uploads\/2016\/12\/P66-2.jpg","type":"image\/jpeg"}],"author":"Kico (Henrique Lobo Weissmann)","twitter_card":"summary_large_image","twitter_creator":"@loboweissmann","twitter_misc":{"Escrito por":"Kico (Henrique Lobo Weissmann)","Est. tempo de leitura":"10 minutos"},"schema":{"@context":"https:\/\/schema.org","@graph":[{"@type":"WebPage","@id":"https:\/\/devkico.itexto.com.br\/?p=2555","url":"https:\/\/devkico.itexto.com.br\/?p=2555","name":"Leitura: modo de usar - \/dev\/Kico","isPartOf":{"@id":"https:\/\/devkico.itexto.com.br\/#website"},"primaryImageOfPage":{"@id":"https:\/\/devkico.itexto.com.br\/?p=2555#primaryimage"},"image":{"@id":"https:\/\/devkico.itexto.com.br\/?p=2555#primaryimage"},"thumbnailUrl":"https:\/\/devkico.itexto.com.br\/wp-content\/uploads\/2016\/12\/P66-2.jpg","datePublished":"2016-12-25T02:47:14+00:00","dateModified":"2016-12-25T02:47:14+00:00","author":{"@id":"https:\/\/devkico.itexto.com.br\/#\/schema\/person\/502ab8892631bb005d6da2269fe5a3a7"},"breadcrumb":{"@id":"https:\/\/devkico.itexto.com.br\/?p=2555#breadcrumb"},"inLanguage":"pt-BR","potentialAction":[{"@type":"ReadAction","target":["https:\/\/devkico.itexto.com.br\/?p=2555"]}]},{"@type":"ImageObject","inLanguage":"pt-BR","@id":"https:\/\/devkico.itexto.com.br\/?p=2555#primaryimage","url":"https:\/\/devkico.itexto.com.br\/wp-content\/uploads\/2016\/12\/P66-2.jpg","contentUrl":"https:\/\/devkico.itexto.com.br\/wp-content\/uploads\/2016\/12\/P66-2.jpg","width":945,"height":1149},{"@type":"BreadcrumbList","@id":"https:\/\/devkico.itexto.com.br\/?p=2555#breadcrumb","itemListElement":[{"@type":"ListItem","position":1,"name":"Home","item":"https:\/\/devkico.itexto.com.br\/"},{"@type":"ListItem","position":2,"name":"Leitura: modo de usar"}]},{"@type":"WebSite","@id":"https:\/\/devkico.itexto.com.br\/#website","url":"https:\/\/devkico.itexto.com.br\/","name":"\/dev\/Kico","description":"Desenvolvendo software","potentialAction":[{"@type":"SearchAction","target":{"@type":"EntryPoint","urlTemplate":"https:\/\/devkico.itexto.com.br\/?s={search_term_string}"},"query-input":"required name=search_term_string"}],"inLanguage":"pt-BR"},{"@type":"Person","@id":"https:\/\/devkico.itexto.com.br\/#\/schema\/person\/502ab8892631bb005d6da2269fe5a3a7","name":"Kico (Henrique Lobo Weissmann)","image":{"@type":"ImageObject","inLanguage":"pt-BR","@id":"https:\/\/devkico.itexto.com.br\/#\/schema\/person\/image\/","url":"https:\/\/secure.gravatar.com\/avatar\/dd6973d86a689bc63122b2e603f25be3?s=96&d=mm&r=g","contentUrl":"https:\/\/secure.gravatar.com\/avatar\/dd6973d86a689bc63122b2e603f25be3?s=96&d=mm&r=g","caption":"Kico (Henrique Lobo Weissmann)"},"sameAs":["https:\/\/x.com\/loboweissmann"],"url":"https:\/\/devkico.itexto.com.br\/?author=1"}]}},"jetpack_featured_media_url":"https:\/\/devkico.itexto.com.br\/wp-content\/uploads\/2016\/12\/P66-2.jpg","jetpack-related-posts":[],"jetpack_sharing_enabled":true,"jetpack_likes_enabled":true,"_links":{"self":[{"href":"https:\/\/devkico.itexto.com.br\/index.php?rest_route=\/wp\/v2\/posts\/2555"}],"collection":[{"href":"https:\/\/devkico.itexto.com.br\/index.php?rest_route=\/wp\/v2\/posts"}],"about":[{"href":"https:\/\/devkico.itexto.com.br\/index.php?rest_route=\/wp\/v2\/types\/post"}],"author":[{"embeddable":true,"href":"https:\/\/devkico.itexto.com.br\/index.php?rest_route=\/wp\/v2\/users\/1"}],"replies":[{"embeddable":true,"href":"https:\/\/devkico.itexto.com.br\/index.php?rest_route=%2Fwp%2Fv2%2Fcomments&post=2555"}],"version-history":[{"count":3,"href":"https:\/\/devkico.itexto.com.br\/index.php?rest_route=\/wp\/v2\/posts\/2555\/revisions"}],"predecessor-version":[{"id":2564,"href":"https:\/\/devkico.itexto.com.br\/index.php?rest_route=\/wp\/v2\/posts\/2555\/revisions\/2564"}],"wp:featuredmedia":[{"embeddable":true,"href":"https:\/\/devkico.itexto.com.br\/index.php?rest_route=\/wp\/v2\/media\/2559"}],"wp:attachment":[{"href":"https:\/\/devkico.itexto.com.br\/index.php?rest_route=%2Fwp%2Fv2%2Fmedia&parent=2555"}],"wp:term":[{"taxonomy":"category","embeddable":true,"href":"https:\/\/devkico.itexto.com.br\/index.php?rest_route=%2Fwp%2Fv2%2Fcategories&post=2555"},{"taxonomy":"post_tag","embeddable":true,"href":"https:\/\/devkico.itexto.com.br\/index.php?rest_route=%2Fwp%2Fv2%2Ftags&post=2555"}],"curies":[{"name":"wp","href":"https:\/\/api.w.org\/{rel}","templated":true}]}}