{"id":999,"date":"2011-10-06T23:47:07","date_gmt":"2011-10-07T02:47:07","guid":{"rendered":"https:\/\/devkico.itexto.com.br\/?p=999"},"modified":"2011-10-06T23:47:07","modified_gmt":"2011-10-07T02:47:07","slug":"hernan-cortes-e-o-software-livre","status":"publish","type":"post","link":"https:\/\/devkico.itexto.com.br\/?p=999","title":{"rendered":"Hern\u00e1n Cort\u00e9s e o Software Livre"},"content":{"rendered":"<figure id=\"attachment_1000\" aria-describedby=\"caption-attachment-1000\" style=\"width: 293px\" class=\"wp-caption alignleft\"><a href=\"http:\/\/pt.wikipedia.org\/wiki\/Hern%C3%A1n_Cort%C3%A9s\"><img loading=\"lazy\" decoding=\"async\" class=\"size-full wp-image-1000 \" title=\"hernanc\" src=\"https:\/\/devkico.itexto.com.br\/wp-content\/uploads\/2011\/10\/hernanc.jpg\" alt=\"\" width=\"293\" height=\"263\" \/><\/a><figcaption id=\"caption-attachment-1000\" class=\"wp-caption-text\">Hern\u00e1n Cort\u00e9s: sempre aprontando das suas...<\/figcaption><\/figure>\n<p>A quest\u00e3o da conquista da Am\u00e9rica pelos espanh\u00f3is me fascina. Infelizmente, quanto mais leio a respeito mais me identifico com os nativos.<\/p>\n<p>Estou lendo &#8220;A Conquista da Am\u00e9rica &#8211; A quest\u00e3o do outro&#8221;, de Tzvetan Todorov. Seu foco \u00e9 a forma\u00e7\u00e3o da imagem do nativo americano aos olhos dos conquistadores espanh\u00f3is. E num cap\u00edtulo chamado &#8220;Compreender, Tomar e Destruir&#8221; tenta-se responder a seguinte quest\u00e3o: se os astecas eram a fonte de tanta riqueza para os espanh\u00f3is, o que os motivaria a aniquilar t\u00e3o violentamente esta galinha dos ovos de ouro?<\/p>\n<p>Foi quando um golpe sob a forma de frase me derrubou:<\/p>\n<blockquote><p>&#8220;(&#8230;) se a compreens\u00e3o n\u00e3o for acompanhada de um reconhecimento pleno do outro <strong>como sujeito<\/strong>, ent\u00e3o essa compreens\u00e3o corre o risco de ser utilizada com vistas \u00e0 explora\u00e7\u00e3o, ao &#8220;tomar&#8221;; o saber ser\u00e1 subordinado ao poder.(&#8230;)&#8221;<\/p><\/blockquote>\n<p>\u00c9 lindo quando algu\u00e9m consegue colocar em palavras uma intui\u00e7\u00e3o que sempre tive.<\/p>\n<figure id=\"attachment_1002\" aria-describedby=\"caption-attachment-1002\" style=\"width: 200px\" class=\"wp-caption alignright\"><a href=\"https:\/\/devkico.itexto.com.br\/wp-content\/uploads\/2011\/10\/conquista_da_america_todorov.jpg\"><img loading=\"lazy\" decoding=\"async\" class=\"size-full wp-image-1002\" title=\"conquista_da_america_todorov\" src=\"https:\/\/devkico.itexto.com.br\/wp-content\/uploads\/2011\/10\/conquista_da_america_todorov.jpg\" alt=\"\" width=\"200\" height=\"200\" srcset=\"https:\/\/devkico.itexto.com.br\/wp-content\/uploads\/2011\/10\/conquista_da_america_todorov.jpg 200w, https:\/\/devkico.itexto.com.br\/wp-content\/uploads\/2011\/10\/conquista_da_america_todorov-150x150.jpg 150w\" sizes=\"(max-width: 200px) 100vw, 200px\" \/><\/a><figcaption id=\"caption-attachment-1002\" class=\"wp-caption-text\">Livro massa!<\/figcaption><\/figure>\n<h2>Conquistando o Software Livre<\/h2>\n<p>O trecho que citei acima pode ser aplicado a qualquer rela\u00e7\u00e3o de explora\u00e7\u00e3o e acredito que se aplique bem na quest\u00e3o do software livre. Posso falar a respeito: afinal de contas n\u00e3o conhe\u00e7o muitos brasileiros que, assim como eu, invistam at\u00e9 <a href=\"http:\/\/www.grailsbrasil.com.br\" target=\"_blank\">financeiramente <\/a>nesta id\u00e9ia.<\/p>\n<p>Com o tempo algo foi se tornando claro sobre uma fatia enorme dos usu\u00e1rios de software livre (especialmente desenvolvedores): sim, as pessoas compreendem seu valor e\u00a0 o usam para gerar riqueza. O problema \u00e9 que n\u00e3o reconhecem o fato de ser fruto do trabalho de<strong> outra(s) pessoa(s)<\/strong>.<\/p>\n<p>Alguns exemplos: fulanos \u00a0que postam alguma d\u00favida no Grails Brasil e me contactam por mensagem instant\u00e2nea imediatamente\u00a0<strong>exigindo<\/strong> que eu lhes responda. Outro? E-mails <strong>demandando<\/strong> que eu forne\u00e7a um patch o mais r\u00e1pido poss\u00edvel para algum projeto antigo de c\u00f3digo aberto, como por exemplo o <a href=\"http:\/\/miocc.itexto.com.br\">Miocc <\/a>ou <a href=\"http:\/\/odfeasy.itexto.com.br\">ODF Easy<\/a>. Entenda: n\u00e3o tenho nada contra quem apenas usa software livre, mas odeio\u00a0quem abusa de seus autores ou das pessoas que realmente participam do seu progresso.<\/p>\n<p>J\u00e1 ouvi muito o argumento de que o simples fato de estar usando o software j\u00e1 \u00e9 uma forma de apoio. Na boa? <strong>Papo furado<\/strong>. Este argumento cai na contradi\u00e7\u00e3o que expus no meu post <a href=\"https:\/\/devkico.itexto.com.br\/?p=983\">anterior<\/a>. Voc\u00ea est\u00e1 ajudando software livre com publicidade quando <strong>fomenta a comunidade<\/strong>, n\u00e3o como quem apenas\u00a0<strong>demanda <\/strong>sem oferecer <strong>nada<\/strong> em troca.<\/p>\n<h2>Aniquilando o software livre<\/h2>\n<figure id=\"attachment_1006\" aria-describedby=\"caption-attachment-1006\" style=\"width: 300px\" class=\"wp-caption alignright\"><a href=\"http:\/\/pt.wikipedia.org\/wiki\/Massacre_do_Templo_Maior\"><img loading=\"lazy\" decoding=\"async\" class=\"size-full wp-image-1006\" title=\"300px-Matanza_templo2 (1)\" src=\"https:\/\/devkico.itexto.com.br\/wp-content\/uploads\/2011\/10\/300px-Matanza_templo2-1.jpg\" alt=\"\" width=\"300\" height=\"192\" \/><\/a><figcaption id=\"caption-attachment-1006\" class=\"wp-caption-text\">O massacre do software livre<\/figcaption><\/figure>\n<p>\u00c9 importante conhecer a diferen\u00e7a entre a destrui\u00e7\u00e3o e aniquilamento. Na destrui\u00e7\u00e3o deformamos algo de forma brusca e contra a sua vontade. J\u00e1 o aniquilamento implica na remo\u00e7\u00e3o da raz\u00e3o da exist\u00eancia do objeto. Vou ser prof\u00e9tico: acredito que estamos caminhando para o aniquilamento do software livre.<\/p>\n<p>As pessoas produzem software livre visando reconhecimento que servir\u00e1 para gerar algum lucro indireto atrav\u00e9s de consultorias, treinamentos, customiza\u00e7\u00f5es ou mesmo obten\u00e7\u00e3o de emprego em algum lugar devido \u00e0 sua expertise. Conforme o abuso aumenta, torna-se economicamente invi\u00e1vel a contribui\u00e7\u00e3o para estes projetos, ou seja, <strong>aniquila-se<\/strong> o software livre.<\/p>\n<h2>Ent\u00e3o como eu ajudo o software livre?<\/h2>\n<p><a href=\"https:\/\/devkico.itexto.com.br\/wp-content\/uploads\/2011\/10\/help.jpg\"><img loading=\"lazy\" decoding=\"async\" class=\"alignleft size-full wp-image-1007\" title=\"help\" src=\"https:\/\/devkico.itexto.com.br\/wp-content\/uploads\/2011\/10\/help.jpg\" alt=\"\" width=\"196\" height=\"196\" srcset=\"https:\/\/devkico.itexto.com.br\/wp-content\/uploads\/2011\/10\/help.jpg 280w, https:\/\/devkico.itexto.com.br\/wp-content\/uploads\/2011\/10\/help-150x150.jpg 150w\" sizes=\"(max-width: 196px) 100vw, 196px\" \/><\/a>Neste caso, acredito que o processo deve ser iniciado a partir da seguinte pergunta: supondo que eu fosse o sujeito que desenvolve este software (que est\u00e1 inclusive me gerando algum retorno financeiro), como eu gostaria de ser ajudado?<\/p>\n<p>Outra pergunta legal: &#8220;estou abusando?&#8221;. A resposta \u00e9 f\u00e1cil: se voc\u00ea demanda sem oferecer <strong>nada<\/strong> em troca, sim: voc\u00ea est\u00e1 abusando.<\/p>\n<p>Ajudar portanto \u00e9 simples: d\u00ea algo em troca. Pode ser qualquer coisa, desde que contribua. Participa de um f\u00f3rum? Que tal buscar responder algumas perguntas ao inv\u00e9s de s\u00f3 buscar salvar o pr\u00f3prio rabo? Achou um bug? N\u00e3o quer dizer que deva solucion\u00e1-lo imediatamente, pois muitas vezes n\u00e3o possu\u00edmos conhecimento t\u00e9cnico para tal, mas que tal apenas reportar o bug? Ali\u00e1s, da pra ir um pouco al\u00e9m: que tal al\u00e9m de reportar o bug, tamb\u00e9m o divulgar para ver se algu\u00e9m consegue resolver o problema?<\/p>\n<h2><strong>Concluindo<\/strong><\/h2>\n<p>O grande problema do software livre \u00e9 a ilus\u00e3o de que trata-se de um <strong>bem gratuito<\/strong>. N\u00e3o existe gr\u00e1tis: tudo \u00e9 feito visando algo em troca. O m\u00ednimo que devemos fazer \u00e9 reconhecer este fato e ajudar quem est\u00e1 nos ajudando.<\/p>\n","protected":false},"excerpt":{"rendered":"<p>A quest\u00e3o da conquista da Am\u00e9rica pelos espanh\u00f3is me fascina. Infelizmente, quanto mais leio a respeito mais me identifico com os nativos. Estou lendo &#8220;A Conquista da Am\u00e9rica &#8211; A quest\u00e3o do outro&#8221;, de Tzvetan Todorov. Seu foco \u00e9 a forma\u00e7\u00e3o da imagem do nativo americano aos olhos dos conquistadores espanh\u00f3is. E num cap\u00edtulo chamado [&hellip;]<\/p>\n","protected":false},"author":1,"featured_media":0,"comment_status":"open","ping_status":"open","sticky":false,"template":"","format":"standard","meta":{"_coblocks_attr":"","_coblocks_dimensions":"","_coblocks_responsive_height":"","_coblocks_accordion_ie_support":"","site-sidebar-layout":"default","site-content-layout":"","ast-site-content-layout":"","site-content-style":"default","site-sidebar-style":"default","ast-global-header-display":"","ast-banner-title-visibility":"","ast-main-header-display":"","ast-hfb-above-header-display":"","ast-hfb-below-header-display":"","ast-hfb-mobile-header-display":"","site-post-title":"","ast-breadcrumbs-content":"","ast-featured-img":"","footer-sml-layout":"","theme-transparent-header-meta":"","adv-header-id-meta":"","stick-header-meta":"","header-above-stick-meta":"","header-main-stick-meta":"","header-below-stick-meta":"","astra-migrate-meta-layouts":"default","ast-page-background-enabled":"default","ast-page-background-meta":{"desktop":{"background-color":"var(--ast-global-color-4)","background-image":"","background-repeat":"repeat","background-position":"center center","background-size":"auto","background-attachment":"scroll","background-type":"","background-media":"","overlay-type":"","overlay-color":"","overlay-gradient":""},"tablet":{"background-color":"","background-image":"","background-repeat":"repeat","background-position":"center center","background-size":"auto","background-attachment":"scroll","background-type":"","background-media":"","overlay-type":"","overlay-color":"","overlay-gradient":""},"mobile":{"background-color":"","background-image":"","background-repeat":"repeat","background-position":"center center","background-size":"auto","background-attachment":"scroll","background-type":"","background-media":"","overlay-type":"","overlay-color":"","overlay-gradient":""}},"ast-content-background-meta":{"desktop":{"background-color":"var(--ast-global-color-5)","background-image":"","background-repeat":"repeat","background-position":"center center","background-size":"auto","background-attachment":"scroll","background-type":"","background-media":"","overlay-type":"","overlay-color":"","overlay-gradient":""},"tablet":{"background-color":"var(--ast-global-color-5)","background-image":"","background-repeat":"repeat","background-position":"center center","background-size":"auto","background-attachment":"scroll","background-type":"","background-media":"","overlay-type":"","overlay-color":"","overlay-gradient":""},"mobile":{"background-color":"var(--ast-global-color-5)","background-image":"","background-repeat":"repeat","background-position":"center center","background-size":"auto","background-attachment":"scroll","background-type":"","background-media":"","overlay-type":"","overlay-color":"","overlay-gradient":""}},"jetpack_post_was_ever_published":false,"_jetpack_newsletter_access":"","_jetpack_dont_email_post_to_subs":false,"_jetpack_newsletter_tier_id":0,"_jetpack_memberships_contains_paywalled_content":false,"_jetpack_memberships_contains_paid_content":false,"footnotes":""},"categories":[35,9],"tags":[],"class_list":["post-999","post","type-post","status-publish","format-standard","hentry","category-armadilhas","category-historia"],"yoast_head":"<!-- This site is optimized with the Yoast SEO plugin v22.8 - https:\/\/yoast.com\/wordpress\/plugins\/seo\/ -->\n<title>Hern\u00e1n Cort\u00e9s e o Software Livre - \/dev\/Kico<\/title>\n<meta name=\"robots\" content=\"index, follow, max-snippet:-1, max-image-preview:large, max-video-preview:-1\" \/>\n<link rel=\"canonical\" href=\"https:\/\/devkico.itexto.com.br\/?p=999\" \/>\n<meta property=\"og:locale\" content=\"pt_BR\" \/>\n<meta property=\"og:type\" content=\"article\" \/>\n<meta property=\"og:title\" content=\"Hern\u00e1n Cort\u00e9s e o Software Livre - \/dev\/Kico\" \/>\n<meta property=\"og:description\" content=\"A quest\u00e3o da conquista da Am\u00e9rica pelos espanh\u00f3is me fascina. Infelizmente, quanto mais leio a respeito mais me identifico com os nativos. Estou lendo &#8220;A Conquista da Am\u00e9rica &#8211; A quest\u00e3o do outro&#8221;, de Tzvetan Todorov. Seu foco \u00e9 a forma\u00e7\u00e3o da imagem do nativo americano aos olhos dos conquistadores espanh\u00f3is. E num cap\u00edtulo chamado [&hellip;]\" \/>\n<meta property=\"og:url\" content=\"https:\/\/devkico.itexto.com.br\/?p=999\" \/>\n<meta property=\"og:site_name\" content=\"\/dev\/Kico\" \/>\n<meta property=\"article:published_time\" content=\"2011-10-07T02:47:07+00:00\" \/>\n<meta property=\"og:image\" content=\"http:\/\/www.itexto.net\/devkico\/wp-content\/uploads\/2011\/10\/hernanc.jpg\" \/>\n<meta name=\"author\" content=\"Kico (Henrique Lobo Weissmann)\" \/>\n<meta name=\"twitter:card\" content=\"summary_large_image\" \/>\n<meta name=\"twitter:creator\" content=\"@loboweissmann\" \/>\n<meta name=\"twitter:label1\" content=\"Escrito por\" \/>\n\t<meta name=\"twitter:data1\" content=\"Kico (Henrique Lobo Weissmann)\" \/>\n\t<meta name=\"twitter:label2\" content=\"Est. tempo de leitura\" \/>\n\t<meta name=\"twitter:data2\" content=\"4 minutos\" \/>\n<script type=\"application\/ld+json\" class=\"yoast-schema-graph\">{\"@context\":\"https:\/\/schema.org\",\"@graph\":[{\"@type\":\"WebPage\",\"@id\":\"https:\/\/devkico.itexto.com.br\/?p=999\",\"url\":\"https:\/\/devkico.itexto.com.br\/?p=999\",\"name\":\"Hern\u00e1n Cort\u00e9s e o Software Livre - \/dev\/Kico\",\"isPartOf\":{\"@id\":\"https:\/\/devkico.itexto.com.br\/#website\"},\"primaryImageOfPage\":{\"@id\":\"https:\/\/devkico.itexto.com.br\/?p=999#primaryimage\"},\"image\":{\"@id\":\"https:\/\/devkico.itexto.com.br\/?p=999#primaryimage\"},\"thumbnailUrl\":\"https:\/\/devkico.itexto.com.br\/wp-content\/uploads\/2011\/10\/hernanc.jpg\",\"datePublished\":\"2011-10-07T02:47:07+00:00\",\"dateModified\":\"2011-10-07T02:47:07+00:00\",\"author\":{\"@id\":\"https:\/\/devkico.itexto.com.br\/#\/schema\/person\/502ab8892631bb005d6da2269fe5a3a7\"},\"breadcrumb\":{\"@id\":\"https:\/\/devkico.itexto.com.br\/?p=999#breadcrumb\"},\"inLanguage\":\"pt-BR\",\"potentialAction\":[{\"@type\":\"ReadAction\",\"target\":[\"https:\/\/devkico.itexto.com.br\/?p=999\"]}]},{\"@type\":\"ImageObject\",\"inLanguage\":\"pt-BR\",\"@id\":\"https:\/\/devkico.itexto.com.br\/?p=999#primaryimage\",\"url\":\"https:\/\/devkico.itexto.com.br\/wp-content\/uploads\/2011\/10\/hernanc.jpg\",\"contentUrl\":\"https:\/\/devkico.itexto.com.br\/wp-content\/uploads\/2011\/10\/hernanc.jpg\",\"width\":\"293\",\"height\":\"263\",\"caption\":\"Hern\u00e1n Cort\u00e9s: quem diria... influenciando o software livre\"},{\"@type\":\"BreadcrumbList\",\"@id\":\"https:\/\/devkico.itexto.com.br\/?p=999#breadcrumb\",\"itemListElement\":[{\"@type\":\"ListItem\",\"position\":1,\"name\":\"Home\",\"item\":\"https:\/\/devkico.itexto.com.br\/\"},{\"@type\":\"ListItem\",\"position\":2,\"name\":\"Hern\u00e1n Cort\u00e9s e o Software Livre\"}]},{\"@type\":\"WebSite\",\"@id\":\"https:\/\/devkico.itexto.com.br\/#website\",\"url\":\"https:\/\/devkico.itexto.com.br\/\",\"name\":\"\/dev\/Kico\",\"description\":\"Desenvolvendo software\",\"potentialAction\":[{\"@type\":\"SearchAction\",\"target\":{\"@type\":\"EntryPoint\",\"urlTemplate\":\"https:\/\/devkico.itexto.com.br\/?s={search_term_string}\"},\"query-input\":\"required name=search_term_string\"}],\"inLanguage\":\"pt-BR\"},{\"@type\":\"Person\",\"@id\":\"https:\/\/devkico.itexto.com.br\/#\/schema\/person\/502ab8892631bb005d6da2269fe5a3a7\",\"name\":\"Kico (Henrique Lobo Weissmann)\",\"image\":{\"@type\":\"ImageObject\",\"inLanguage\":\"pt-BR\",\"@id\":\"https:\/\/devkico.itexto.com.br\/#\/schema\/person\/image\/\",\"url\":\"https:\/\/secure.gravatar.com\/avatar\/dd6973d86a689bc63122b2e603f25be3?s=96&d=mm&r=g\",\"contentUrl\":\"https:\/\/secure.gravatar.com\/avatar\/dd6973d86a689bc63122b2e603f25be3?s=96&d=mm&r=g\",\"caption\":\"Kico (Henrique Lobo Weissmann)\"},\"sameAs\":[\"https:\/\/x.com\/loboweissmann\"],\"url\":\"https:\/\/devkico.itexto.com.br\/?author=1\"}]}<\/script>\n<!-- \/ Yoast SEO plugin. -->","yoast_head_json":{"title":"Hern\u00e1n Cort\u00e9s e o Software Livre - \/dev\/Kico","robots":{"index":"index","follow":"follow","max-snippet":"max-snippet:-1","max-image-preview":"max-image-preview:large","max-video-preview":"max-video-preview:-1"},"canonical":"https:\/\/devkico.itexto.com.br\/?p=999","og_locale":"pt_BR","og_type":"article","og_title":"Hern\u00e1n Cort\u00e9s e o Software Livre - \/dev\/Kico","og_description":"A quest\u00e3o da conquista da Am\u00e9rica pelos espanh\u00f3is me fascina. Infelizmente, quanto mais leio a respeito mais me identifico com os nativos. Estou lendo &#8220;A Conquista da Am\u00e9rica &#8211; A quest\u00e3o do outro&#8221;, de Tzvetan Todorov. Seu foco \u00e9 a forma\u00e7\u00e3o da imagem do nativo americano aos olhos dos conquistadores espanh\u00f3is. E num cap\u00edtulo chamado [&hellip;]","og_url":"https:\/\/devkico.itexto.com.br\/?p=999","og_site_name":"\/dev\/Kico","article_published_time":"2011-10-07T02:47:07+00:00","og_image":[{"url":"http:\/\/www.itexto.net\/devkico\/wp-content\/uploads\/2011\/10\/hernanc.jpg"}],"author":"Kico (Henrique Lobo Weissmann)","twitter_card":"summary_large_image","twitter_creator":"@loboweissmann","twitter_misc":{"Escrito por":"Kico (Henrique Lobo Weissmann)","Est. tempo de leitura":"4 minutos"},"schema":{"@context":"https:\/\/schema.org","@graph":[{"@type":"WebPage","@id":"https:\/\/devkico.itexto.com.br\/?p=999","url":"https:\/\/devkico.itexto.com.br\/?p=999","name":"Hern\u00e1n Cort\u00e9s e o Software Livre - \/dev\/Kico","isPartOf":{"@id":"https:\/\/devkico.itexto.com.br\/#website"},"primaryImageOfPage":{"@id":"https:\/\/devkico.itexto.com.br\/?p=999#primaryimage"},"image":{"@id":"https:\/\/devkico.itexto.com.br\/?p=999#primaryimage"},"thumbnailUrl":"https:\/\/devkico.itexto.com.br\/wp-content\/uploads\/2011\/10\/hernanc.jpg","datePublished":"2011-10-07T02:47:07+00:00","dateModified":"2011-10-07T02:47:07+00:00","author":{"@id":"https:\/\/devkico.itexto.com.br\/#\/schema\/person\/502ab8892631bb005d6da2269fe5a3a7"},"breadcrumb":{"@id":"https:\/\/devkico.itexto.com.br\/?p=999#breadcrumb"},"inLanguage":"pt-BR","potentialAction":[{"@type":"ReadAction","target":["https:\/\/devkico.itexto.com.br\/?p=999"]}]},{"@type":"ImageObject","inLanguage":"pt-BR","@id":"https:\/\/devkico.itexto.com.br\/?p=999#primaryimage","url":"https:\/\/devkico.itexto.com.br\/wp-content\/uploads\/2011\/10\/hernanc.jpg","contentUrl":"https:\/\/devkico.itexto.com.br\/wp-content\/uploads\/2011\/10\/hernanc.jpg","width":"293","height":"263","caption":"Hern\u00e1n Cort\u00e9s: quem diria... influenciando o software livre"},{"@type":"BreadcrumbList","@id":"https:\/\/devkico.itexto.com.br\/?p=999#breadcrumb","itemListElement":[{"@type":"ListItem","position":1,"name":"Home","item":"https:\/\/devkico.itexto.com.br\/"},{"@type":"ListItem","position":2,"name":"Hern\u00e1n Cort\u00e9s e o Software Livre"}]},{"@type":"WebSite","@id":"https:\/\/devkico.itexto.com.br\/#website","url":"https:\/\/devkico.itexto.com.br\/","name":"\/dev\/Kico","description":"Desenvolvendo software","potentialAction":[{"@type":"SearchAction","target":{"@type":"EntryPoint","urlTemplate":"https:\/\/devkico.itexto.com.br\/?s={search_term_string}"},"query-input":"required name=search_term_string"}],"inLanguage":"pt-BR"},{"@type":"Person","@id":"https:\/\/devkico.itexto.com.br\/#\/schema\/person\/502ab8892631bb005d6da2269fe5a3a7","name":"Kico (Henrique Lobo Weissmann)","image":{"@type":"ImageObject","inLanguage":"pt-BR","@id":"https:\/\/devkico.itexto.com.br\/#\/schema\/person\/image\/","url":"https:\/\/secure.gravatar.com\/avatar\/dd6973d86a689bc63122b2e603f25be3?s=96&d=mm&r=g","contentUrl":"https:\/\/secure.gravatar.com\/avatar\/dd6973d86a689bc63122b2e603f25be3?s=96&d=mm&r=g","caption":"Kico (Henrique Lobo Weissmann)"},"sameAs":["https:\/\/x.com\/loboweissmann"],"url":"https:\/\/devkico.itexto.com.br\/?author=1"}]}},"jetpack_featured_media_url":"","jetpack-related-posts":[],"jetpack_sharing_enabled":true,"jetpack_likes_enabled":true,"_links":{"self":[{"href":"https:\/\/devkico.itexto.com.br\/index.php?rest_route=\/wp\/v2\/posts\/999"}],"collection":[{"href":"https:\/\/devkico.itexto.com.br\/index.php?rest_route=\/wp\/v2\/posts"}],"about":[{"href":"https:\/\/devkico.itexto.com.br\/index.php?rest_route=\/wp\/v2\/types\/post"}],"author":[{"embeddable":true,"href":"https:\/\/devkico.itexto.com.br\/index.php?rest_route=\/wp\/v2\/users\/1"}],"replies":[{"embeddable":true,"href":"https:\/\/devkico.itexto.com.br\/index.php?rest_route=%2Fwp%2Fv2%2Fcomments&post=999"}],"version-history":[{"count":7,"href":"https:\/\/devkico.itexto.com.br\/index.php?rest_route=\/wp\/v2\/posts\/999\/revisions"}],"predecessor-version":[{"id":1010,"href":"https:\/\/devkico.itexto.com.br\/index.php?rest_route=\/wp\/v2\/posts\/999\/revisions\/1010"}],"wp:attachment":[{"href":"https:\/\/devkico.itexto.com.br\/index.php?rest_route=%2Fwp%2Fv2%2Fmedia&parent=999"}],"wp:term":[{"taxonomy":"category","embeddable":true,"href":"https:\/\/devkico.itexto.com.br\/index.php?rest_route=%2Fwp%2Fv2%2Fcategories&post=999"},{"taxonomy":"post_tag","embeddable":true,"href":"https:\/\/devkico.itexto.com.br\/index.php?rest_route=%2Fwp%2Fv2%2Ftags&post=999"}],"curies":[{"name":"wp","href":"https:\/\/api.w.org\/{rel}","templated":true}]}}